{"id":320838,"date":"2026-08-28T18:12:31","date_gmt":"2026-08-28T21:12:31","guid":{"rendered":"https:\/\/www.caririemacao.com\/1\/?p=320838"},"modified":"2026-08-28T18:12:31","modified_gmt":"2026-08-28T21:12:31","slug":"pernambuco-pai-e-irmao-sao-presos-por-planejar-morte-de-dono-de-posto","status":"publish","type":"post","link":"https:\/\/www.caririemacao.com\/1\/2026\/08\/28\/pernambuco-pai-e-irmao-sao-presos-por-planejar-morte-de-dono-de-posto\/","title":{"rendered":"Pernambuco: pai e irm\u00e3o s\u00e3o presos por planejar morte de dono de posto"},"content":{"rendered":"<p class=\"content-head__subtitle\" style=\"text-align: center;\"><em>Crime aconteceu em dezembro de 2025, em Moreno, no Grande Recife. Tr\u00eas pessoas foram presas e um dos suspeitos segue foragido.<\/em><\/p>\n<div id=\"chunk-8e9g5\">\n<div class=\"mc-column content-text active-extra-styles \" data-block-type=\"unstyled\" data-block-weight=\"60\" data-block-id=\"3\">\n<p class=\" content-text__container \" data-track-category=\"Link no Texto\" data-track-links=\"\" data-mrf-recirculation=\"Mat\u00e9ria - Links no Texto\">A\u00a0Pol\u00edcia Civil\u00a0de Pernambuco prendeu, nesta sexta-feira (28), tr\u00eas pessoas suspeitas de envolvimento no\u00a0assassinato de um empres\u00e1rio na porta de uma granja\u00a0em\u00a0Moreno, no Grande\u00a0Recife. Entre os acusados est\u00e3o o pai e o irm\u00e3o da v\u00edtima, o primeiro suspeito de mandar matar o filho e o segundo, de ter dado aux\u00edlio para a execu\u00e7\u00e3o do crime.<\/p>\n<\/div>\n<\/div>\n<div class=\"wall protected-content\">\n<div id=\"chunk-13ece\">\n<div class=\"mc-column content-text active-extra-styles \" data-block-type=\"unstyled\" data-block-weight=\"48\" data-block-id=\"5\">\n<p class=\" content-text__container \" data-track-category=\"Link no Texto\" data-track-links=\"\" data-mrf-recirculation=\"Mat\u00e9ria - Links no Texto\">A v\u00edtima foi Braz Alexandrino Ferreira J\u00fanior, de 51 anos, que era dono de um porto de combust\u00edveis. Ele foi assassinado no final de dezembro de 2025, por uma dupla de criminosos. O pai foi identificado como Braz Alexandrino Ferreira e o irm\u00e3o, como Pedro Henrique Alexandrino Ferreira.<\/p>\n<\/div>\n<\/div>\n<div id=\"chunk-amh9f\">\n<div class=\"mc-column content-text active-extra-styles \" data-block-type=\"unstyled\" data-block-weight=\"43\" data-block-id=\"8\">\n<p class=\" content-text__container \" data-track-category=\"Link no Texto\" data-track-links=\"\" data-mrf-recirculation=\"Mat\u00e9ria - Links no Texto\">A pris\u00e3o foi divulgada pela Pol\u00edcia Civil nesta sexta-feira (28), e ocorreu no \u00e2mbito da Opera\u00e7\u00e3o P\u00e1trio Veneno. As investiga\u00e7\u00f5es apontaram que o crime teria sido planejado depois de uma decis\u00e3o judicial favor\u00e1vel \u00e0 v\u00edtima em uma quest\u00e3o financeira envolvendo um im\u00f3vel comercial.<\/p>\n<\/div>\n<\/div>\n<div id=\"chunk-e8qvd\">\n<div class=\"mc-column content-text active-extra-styles \" data-block-type=\"unstyled\" data-block-weight=\"22\" data-block-id=\"9\">\n<p class=\" content-text__container \" data-track-category=\"Link no Texto\" data-track-links=\"\" data-mrf-recirculation=\"Mat\u00e9ria - Links no Texto\">Ao todo, foram expedidos quatro mandados de pris\u00e3o e quatro de busca e apreens\u00e3o pela Vara Criminal da Comarca de Moreno.<\/p>\n<\/div>\n<\/div>\n<div id=\"chunk-5g59p\">\n<div class=\"mc-column content-text active-extra-styles \" data-block-type=\"unstyled\" data-block-weight=\"49\" data-block-id=\"10\">\n<p class=\" content-text__container \" data-track-category=\"Link no Texto\" data-track-links=\"\" data-mrf-recirculation=\"Mat\u00e9ria - Links no Texto\">Tr\u00eas dos quatro alvos de pris\u00e3o foram localizados e presos nos munic\u00edpios de\u00a0Gravat\u00e1, no Agreste; em\u00a0Gl\u00f3ria do Goit\u00e1, na e\u00a0Jaboat\u00e3o dos Guararapes. O terceiro preso, que n\u00e3o teve o nome divulgado, foi um dos homens apontados como executores do crime. O quarto investigado est\u00e1 foragido.<\/p>\n<\/div>\n<\/div>\n<div id=\"chunk-a16h2\">\n<div class=\"mc-column content-text active-extra-styles \" data-block-type=\"unstyled\" data-block-weight=\"47\" data-block-id=\"11\">\n<p class=\" content-text__container \" data-track-category=\"Link no Texto\" data-track-links=\"\" data-mrf-recirculation=\"Mat\u00e9ria - Links no Texto\">O pai da v\u00edtima foi apontado como mandante do crime, que foi filmado. De acordo com a investiga\u00e7\u00e3o, os executores receberam informa\u00e7\u00f5es sobre a rotina do empres\u00e1rio e o irm\u00e3o da v\u00edtima os ajudou a acessar um galp\u00e3o localizado nas proximidades da resid\u00eancia.<\/p>\n<\/div>\n<\/div>\n<div id=\"chunk-745p2\">\n<div class=\"mc-column content-text active-extra-styles \" data-block-type=\"unstyled\" data-block-weight=\"50\" data-block-id=\"14\">\n<p class=\" content-text__container \" data-track-category=\"Link no Texto\" data-track-links=\"\" data-mrf-recirculation=\"Mat\u00e9ria - Links no Texto\">Os suspeitos ficaram escondidos no local \u00e0 espera do empres\u00e1rio. Quando ele chegou, houve uma sequ\u00eancia de disparos contra o ve\u00edculo. A v\u00edtima, que estava armada, reagiu e houve uma troca de tiros. Mesmo ferido, Braz J\u00fanior conseguiu dirigir at\u00e9 uma unidade hospitalar, mas n\u00e3o resistiu aos ferimentos e morreu.<\/p>\n<\/div>\n<\/div>\n<div id=\"chunk-5fala\">\n<div class=\"mc-column content-text active-extra-styles \" data-block-type=\"unstyled\" data-block-weight=\"20\" data-block-id=\"15\">\n<p class=\" content-text__container \" data-track-category=\"Link no Texto\" data-track-links=\"\" data-mrf-recirculation=\"Mat\u00e9ria - Links no Texto\">A investiga\u00e7\u00e3o aponta que o crime foi premeditado e que os executores teriam sido contratados para matar o empres\u00e1rio.<\/p>\n<\/div>\n<\/div>\n<div id=\"chunk-dkb8n\">\n<div class=\"mc-column content-text active-extra-styles \" data-block-type=\"unstyled\" data-block-weight=\"49\" data-block-id=\"16\">\n<p class=\" content-text__container \" data-track-category=\"Link no Texto\" data-track-links=\"\" data-mrf-recirculation=\"Mat\u00e9ria - Links no Texto\">A Pol\u00edcia Civil informou que os nomes dos investigados e as responsabilidades de cada um foram identificados ao longo da investiga\u00e7\u00e3o. Segundo a Pol\u00edcia Civil, a an\u00e1lise de dados de localiza\u00e7\u00e3o, registros telef\u00f4nicos e informa\u00e7\u00f5es banc\u00e1rias identificou comunica\u00e7\u00f5es e contatos entre os investigados antes, durante e depois do crime.<\/p>\n<\/div>\n<\/div>\n<div id=\"chunk-9ekkt\">\n<div class=\"mc-column content-text active-extra-styles \" data-block-type=\"unstyled\" data-block-weight=\"27\" data-block-id=\"17\">\n<p class=\" content-text__container \" data-track-category=\"Link no Texto\" data-track-links=\"\" data-mrf-recirculation=\"Mat\u00e9ria - Links no Texto\">Ainda de acordo com a corpora\u00e7\u00e3o, os suspeitos negaram participa\u00e7\u00e3o no homic\u00eddio durante as investiga\u00e7\u00f5es, mas os elementos t\u00e9cnicos reunidos pela pol\u00edcia teriam contradito as vers\u00f5es apresentadas.<\/p>\n<\/div>\n<\/div>\n<div id=\"chunk-bjckc\">\n<div class=\"mc-column content-text active-extra-styles \" data-block-type=\"unstyled\" data-block-weight=\"34\" data-block-id=\"18\">\n<p class=\" content-text__container \" data-track-category=\"Link no Texto\" data-track-links=\"\" data-mrf-recirculation=\"Mat\u00e9ria - Links no Texto\">A opera\u00e7\u00e3o tamb\u00e9m apreendeu aparelhos eletr\u00f4nicos. O material ser\u00e1 periciado e analisado pela pol\u00edcia, que pretende verificar, entre outros pontos, poss\u00edveis pagamentos relacionados \u00e0 execu\u00e7\u00e3o e a eventual participa\u00e7\u00e3o dos investigados em outros homic\u00eddios.<\/p>\n<\/div>\n<\/div>\n<div id=\"chunk-cdng0\">\n<div class=\"mc-column content-text active-extra-styles \" data-block-type=\"unstyled\" data-block-weight=\"41\" data-block-id=\"19\">\n<p class=\" content-text__container \" data-track-category=\"Link no Texto\" data-track-links=\"\" data-mrf-recirculation=\"Mat\u00e9ria - Links no Texto\">A opera\u00e7\u00e3o tamb\u00e9m encontrou ind\u00edcios de que os homens apontados como executores podem ter envolvimento em outros crimes de morte registrados em Gl\u00f3ria do Goit\u00e1, Gravat\u00e1 e munic\u00edpios pr\u00f3ximos. A Pol\u00edcia Civil informou que essa linha de investiga\u00e7\u00e3o continuar\u00e1 sendo apurada.<\/p>\n<\/div>\n<\/div>\n<div id=\"chunk-f5kmf\">\n<div class=\"mc-column content-text active-extra-styles \" data-block-type=\"unstyled\" data-block-weight=\"21\" data-block-id=\"21\">\n<p class=\" content-text__container \" data-track-category=\"Link no Texto\" data-track-links=\"\" data-mrf-recirculation=\"Mat\u00e9ria - Links no Texto\">A investiga\u00e7\u00e3o continua para localizar o quarto suspeito, que permanece foragido, e esclarecer a poss\u00edvel participa\u00e7\u00e3o dos envolvidos em outros homic\u00eddios.<\/p>\n<\/div>\n<\/div>\n<div id=\"chunk-30pq\">\n<div class=\"mc-column content-text active-extra-styles \" data-block-type=\"unstyled\" data-block-weight=\"17\" data-block-id=\"22\">\n<p class=\" content-text__container \" data-track-category=\"Link no Texto\" data-track-links=\"\" data-mrf-recirculation=\"Mat\u00e9ria - Links no Texto\">A reportagem tentou, mas n\u00e3o conseguiu localizar as defesas dos investigados at\u00e9 a \u00faltima atualiza\u00e7\u00e3o.<\/p>\n<\/div>\n<\/div>\n<\/div>\n<p data-track-category=\"Link no Texto\" data-track-links=\"\" data-mrf-recirculation=\"Mat\u00e9ria - Links no Texto\"><em>Com G1\/PE<\/em><\/p>\n","protected":false},"excerpt":{"rendered":"<p>Crime aconteceu em dezembro de 2025, em Moreno, no Grande Recife. Tr\u00eas pessoas foram presas e um dos suspeitos segue foragido. A\u00a0Pol\u00edcia Civil\u00a0de Pernambuco prendeu, nesta sexta-feira (28), tr\u00eas pessoas suspeitas de envolvimento no\u00a0assassinato de um empres\u00e1rio na porta de uma granja\u00a0em\u00a0Moreno, no Grande\u00a0Recife. Entre os acusados est\u00e3o o pai e o irm\u00e3o da v\u00edtima, o primeiro suspeito de mandar matar o filho e o segundo, de ter dado aux\u00edlio para a execu\u00e7\u00e3o do crime. A v\u00edtima foi Braz Alexandrino Ferreira J\u00fanior, de 51 anos, que era dono de um porto de combust\u00edveis. Ele foi assassinado no final de dezembro de 2025, por uma dupla de criminosos. O pai foi identificado como Braz Alexandrino Ferreira e o irm\u00e3o, como Pedro Henrique Alexandrino Ferreira. A pris\u00e3o foi divulgada pela Pol\u00edcia Civil nesta sexta-feira (28), e ocorreu no \u00e2mbito da Opera\u00e7\u00e3o P\u00e1trio Veneno. As investiga\u00e7\u00f5es apontaram que o crime teria sido planejado depois de uma decis\u00e3o judicial favor\u00e1vel \u00e0 v\u00edtima em uma quest\u00e3o financeira envolvendo um im\u00f3vel comercial. Ao todo, foram expedidos quatro mandados de pris\u00e3o e quatro de busca e apreens\u00e3o pela Vara Criminal da Comarca de Moreno. Tr\u00eas dos quatro alvos de pris\u00e3o foram localizados e presos nos munic\u00edpios de\u00a0Gravat\u00e1, no Agreste; em\u00a0Gl\u00f3ria do Goit\u00e1, na e\u00a0Jaboat\u00e3o dos Guararapes. O terceiro preso, que n\u00e3o teve o nome divulgado, foi um dos homens apontados como executores do crime. O quarto investigado est\u00e1 foragido. O pai da v\u00edtima foi apontado como mandante do crime, que foi filmado. De acordo com a investiga\u00e7\u00e3o, os executores receberam informa\u00e7\u00f5es sobre a rotina do empres\u00e1rio e o irm\u00e3o da v\u00edtima os ajudou a acessar um galp\u00e3o localizado nas proximidades da resid\u00eancia. Os suspeitos ficaram escondidos no local \u00e0 espera do empres\u00e1rio. Quando ele chegou, houve uma sequ\u00eancia de disparos contra o ve\u00edculo. A v\u00edtima, que estava armada, reagiu e houve uma troca de tiros. Mesmo ferido, Braz J\u00fanior conseguiu dirigir at\u00e9 uma unidade hospitalar, mas n\u00e3o resistiu aos ferimentos e morreu. A investiga\u00e7\u00e3o aponta que o crime foi premeditado e que os executores teriam sido contratados para matar o empres\u00e1rio. A Pol\u00edcia Civil informou que os nomes dos investigados e as responsabilidades de cada um foram identificados ao longo da investiga\u00e7\u00e3o. Segundo a Pol\u00edcia Civil, a an\u00e1lise de dados de localiza\u00e7\u00e3o, registros telef\u00f4nicos e informa\u00e7\u00f5es banc\u00e1rias identificou comunica\u00e7\u00f5es e contatos entre os investigados antes, durante e depois do crime. Ainda de acordo com a corpora\u00e7\u00e3o, os suspeitos negaram participa\u00e7\u00e3o no homic\u00eddio durante as investiga\u00e7\u00f5es, mas os elementos t\u00e9cnicos reunidos pela pol\u00edcia teriam contradito as vers\u00f5es apresentadas. A opera\u00e7\u00e3o tamb\u00e9m apreendeu aparelhos eletr\u00f4nicos. O material ser\u00e1 periciado e analisado pela pol\u00edcia, que pretende verificar, entre outros pontos, poss\u00edveis pagamentos relacionados \u00e0 execu\u00e7\u00e3o e a eventual participa\u00e7\u00e3o dos investigados em outros homic\u00eddios. A opera\u00e7\u00e3o tamb\u00e9m encontrou ind\u00edcios de que os homens apontados como executores podem ter envolvimento em outros crimes de morte registrados em Gl\u00f3ria do Goit\u00e1, Gravat\u00e1 e munic\u00edpios pr\u00f3ximos. A Pol\u00edcia Civil informou que essa linha de investiga\u00e7\u00e3o continuar\u00e1 sendo apurada. A investiga\u00e7\u00e3o continua para localizar o quarto suspeito, que permanece foragido, e esclarecer a poss\u00edvel participa\u00e7\u00e3o dos envolvidos em outros homic\u00eddios. A reportagem tentou, mas n\u00e3o conseguiu localizar as defesas dos investigados at\u00e9 a \u00faltima atualiza\u00e7\u00e3o. Com G1\/PE<\/p>\n","protected":false},"author":6,"featured_media":320839,"comment_status":"closed","ping_status":"closed","sticky":false,"template":"","format":"standard","meta":{"sfsi_plus_gutenberg_text_before_share":"","sfsi_plus_gutenberg_show_text_before_share":"","sfsi_plus_gutenberg_icon_type":"","sfsi_plus_gutenberg_icon_alignemt":"","sfsi_plus_gutenburg_max_per_row":"","footnotes":""},"categories":[125],"tags":[],"class_list":["post-320838","post","type-post","status-publish","format-standard","has-post-thumbnail","hentry","category-pernambuco"],"_links":{"self":[{"href":"https:\/\/www.caririemacao.com\/1\/wp-json\/wp\/v2\/posts\/320838","targetHints":{"allow":["GET"]}}],"collection":[{"href":"https:\/\/www.caririemacao.com\/1\/wp-json\/wp\/v2\/posts"}],"about":[{"href":"https:\/\/www.caririemacao.com\/1\/wp-json\/wp\/v2\/types\/post"}],"author":[{"embeddable":true,"href":"https:\/\/www.caririemacao.com\/1\/wp-json\/wp\/v2\/users\/6"}],"replies":[{"embeddable":true,"href":"https:\/\/www.caririemacao.com\/1\/wp-json\/wp\/v2\/comments?post=320838"}],"version-history":[{"count":1,"href":"https:\/\/www.caririemacao.com\/1\/wp-json\/wp\/v2\/posts\/320838\/revisions"}],"predecessor-version":[{"id":320840,"href":"https:\/\/www.caririemacao.com\/1\/wp-json\/wp\/v2\/posts\/320838\/revisions\/320840"}],"wp:featuredmedia":[{"embeddable":true,"href":"https:\/\/www.caririemacao.com\/1\/wp-json\/wp\/v2\/media\/320839"}],"wp:attachment":[{"href":"https:\/\/www.caririemacao.com\/1\/wp-json\/wp\/v2\/media?parent=320838"}],"wp:term":[{"taxonomy":"category","embeddable":true,"href":"https:\/\/www.caririemacao.com\/1\/wp-json\/wp\/v2\/categories?post=320838"},{"taxonomy":"post_tag","embeddable":true,"href":"https:\/\/www.caririemacao.com\/1\/wp-json\/wp\/v2\/tags?post=320838"}],"curies":[{"name":"wp","href":"https:\/\/api.w.org\/{rel}","templated":true}]}}