{"id":320847,"date":"2026-08-28T18:22:11","date_gmt":"2026-08-28T21:22:11","guid":{"rendered":"https:\/\/www.caririemacao.com\/1\/?p=320847"},"modified":"2026-08-28T18:22:11","modified_gmt":"2026-08-28T21:22:11","slug":"diretor-geral-diz-que-pf-e-autonoma-e-trabalha-sem-proteger-nem-perseguir","status":"publish","type":"post","link":"https:\/\/www.caririemacao.com\/1\/2026\/08\/28\/diretor-geral-diz-que-pf-e-autonoma-e-trabalha-sem-proteger-nem-perseguir\/","title":{"rendered":"Diretor-geral diz que PF \u00e9 aut\u00f4noma e trabalha &#8220;sem proteger nem perseguir&#8221;"},"content":{"rendered":"<p class=\"text-lg font-normal group-[.isActiveSource]:text-xl\" style=\"text-align: center;\" data-single-excerpt=\"true\"><em>Andrei Rodrigues afirmou que atua\u00e7\u00e3o &#8220;imparcial e sem vi\u00e9s pol\u00edtico&#8221; da institui\u00e7\u00e3o \u00e9 o que a permite se defender de &#8220;ataques&#8221;<\/em><\/p>\n<p data-single-excerpt=\"true\">O diretor-geral da PF (Pol\u00edcia Federal),\u00a0Andrei Rodrigues, afirmou nesta sexta-feira (28) que a institui\u00e7\u00e3o atua de forma estritamente t\u00e9cnica e aut\u00f4noma e que \u00e9 justamente essa postura &#8220;imparcial e sem vi\u00e9s pol\u00edtico&#8221; que permite \u00e0 corpora\u00e7\u00e3o se defender de \u201cqualquer ataque\u201d.<\/p>\n<p class=\"my-5 break-words group-[.isActiveSource]:text-xl\">Segundo Andrei, a atual gest\u00e3o da PF trabalha com transpar\u00eancia, sem proteger ou perseguir pessoas.<\/p>\n<p class=\"my-5 break-words group-[.isActiveSource]:text-xl\">&#8220;Tenho total tranquilidade em afirmar, sem rodeios, que nessa gest\u00e3o trabalhamos com transpar\u00eancia e foco na miss\u00e3o constitucional, sem proteger ou perseguir, com atua\u00e7\u00e3o rigorosa e intransigente no combate ao crime organizado&#8221;, disse.<\/p>\n<p>A declara\u00e7\u00e3o foi dada durante a cerim\u00f4nia de formatura de quase 700 novos policiais federais. No evento, Andrei afirmou que os novos profissionais integrariam uma das institui\u00e7\u00f5es mais respeitadas do Brasil, que atua de acordo com a Constitui\u00e7\u00e3o Federal, com as leis e com a responsabilidade institucional.<\/p>\n<p>Andrei tamb\u00e9m destacou que a atua\u00e7\u00e3o t\u00e9cnica \u00e9 o que permite \u00e0 Pol\u00edcia Federal preservar sua autonomia e se defender de ataques, independentemente de sua origem.<\/p>\n<p class=\"my-5 break-words group-[.isActiveSource]:text-xl\">&#8220;Nunca se esque\u00e7am, a atua\u00e7\u00e3o t\u00e9cnica, imparcial e livre de qualquer vi\u00e9s pol\u00edtico \u00e9 o que nos permite defender nossa institui\u00e7\u00e3o de qualquer ataque, n\u00e3o importa de onde venham&#8221;, afirmou aos formandos.<\/p>\n<p class=\"my-5 break-words group-[.isActiveSource]:text-xl\">A declara\u00e7\u00e3o ocorre em meio a um\u00a0momento de tens\u00e3o na rela\u00e7\u00e3o entre Andrei Rodrigues e o ministro\u00a0Andr\u00e9 Mendon\u00e7a, do STF\u00a0(Supremo Tribunal Federal). A disputa envolve uma s\u00e9rie de inqu\u00e9ritos relevantes relatados pelo ministro.<\/p>\n<p class=\"my-5 break-words group-[.isActiveSource]:text-xl\">Entre eles est\u00e3o as investiga\u00e7\u00f5es sobre o Banco Master e os\u00a0descontos irregulares do INSS (Instituto Nacional do Seguro Social), al\u00e9m de dois inqu\u00e9ritos envolvendo Lulinha, investigado por tr\u00e1fico de influ\u00eancia, e o caso &#8220;Dark Horse&#8221;, que apura o uso de recursos do Banco Master para a produ\u00e7\u00e3o de um filme sobre a vida do ex-presidente\u00a0Jair Bolsonaro\u00a0(PL).<\/p>\n<p class=\"my-5 break-words group-[.isActiveSource]:text-xl\">As acusa\u00e7\u00f5es partem dos dois lados. A Pol\u00edcia Federal sustenta que h\u00e1 uma interfer\u00eancia de Mendon\u00e7a para acelerar investiga\u00e7\u00f5es que poderiam prejudicar o presidente\u00a0Luiz In\u00e1cio Lula da Silva\u00a0(PT). J\u00e1 o entorno do ministro aponta uma suposta lentid\u00e3o justamente nos inqu\u00e9ritos que envolvem pessoas pr\u00f3ximas a Lula.<\/p>\n<p>O governo federal continua tentando promover uma aproxima\u00e7\u00e3o entre os dois. As articula\u00e7\u00f5es envolvem intermedi\u00e1rios como o advogado-geral da Uni\u00e3o, Jorge Messias, e o ministro da Justi\u00e7a, Wellington C\u00e9sar.<\/p>\n<p>At\u00e9 o momento, por\u00e9m, as tentativas n\u00e3o t\u00eam surtido efeito. Interlocutores de ambos os lados n\u00e3o veem sinais de que Andrei Rodrigues esteja disposto a se sentar para conversar com Andr\u00e9 Mendon\u00e7a.<\/p>\n<p><em>Com CNN Brasil<\/em><\/p>\n","protected":false},"excerpt":{"rendered":"<p>Andrei Rodrigues afirmou que atua\u00e7\u00e3o &#8220;imparcial e sem vi\u00e9s pol\u00edtico&#8221; da institui\u00e7\u00e3o \u00e9 o que a permite se defender de &#8220;ataques&#8221; O diretor-geral da PF (Pol\u00edcia Federal),\u00a0Andrei Rodrigues, afirmou nesta sexta-feira (28) que a institui\u00e7\u00e3o atua de forma estritamente t\u00e9cnica e aut\u00f4noma e que \u00e9 justamente essa postura &#8220;imparcial e sem vi\u00e9s pol\u00edtico&#8221; que permite \u00e0 corpora\u00e7\u00e3o se defender de \u201cqualquer ataque\u201d. Segundo Andrei, a atual gest\u00e3o da PF trabalha com transpar\u00eancia, sem proteger ou perseguir pessoas. &#8220;Tenho total tranquilidade em afirmar, sem rodeios, que nessa gest\u00e3o trabalhamos com transpar\u00eancia e foco na miss\u00e3o constitucional, sem proteger ou perseguir, com atua\u00e7\u00e3o rigorosa e intransigente no combate ao crime organizado&#8221;, disse. A declara\u00e7\u00e3o foi dada durante a cerim\u00f4nia de formatura de quase 700 novos policiais federais. No evento, Andrei afirmou que os novos profissionais integrariam uma das institui\u00e7\u00f5es mais respeitadas do Brasil, que atua de acordo com a Constitui\u00e7\u00e3o Federal, com as leis e com a responsabilidade institucional. Andrei tamb\u00e9m destacou que a atua\u00e7\u00e3o t\u00e9cnica \u00e9 o que permite \u00e0 Pol\u00edcia Federal preservar sua autonomia e se defender de ataques, independentemente de sua origem. &#8220;Nunca se esque\u00e7am, a atua\u00e7\u00e3o t\u00e9cnica, imparcial e livre de qualquer vi\u00e9s pol\u00edtico \u00e9 o que nos permite defender nossa institui\u00e7\u00e3o de qualquer ataque, n\u00e3o importa de onde venham&#8221;, afirmou aos formandos. A declara\u00e7\u00e3o ocorre em meio a um\u00a0momento de tens\u00e3o na rela\u00e7\u00e3o entre Andrei Rodrigues e o ministro\u00a0Andr\u00e9 Mendon\u00e7a, do STF\u00a0(Supremo Tribunal Federal). A disputa envolve uma s\u00e9rie de inqu\u00e9ritos relevantes relatados pelo ministro. Entre eles est\u00e3o as investiga\u00e7\u00f5es sobre o Banco Master e os\u00a0descontos irregulares do INSS (Instituto Nacional do Seguro Social), al\u00e9m de dois inqu\u00e9ritos envolvendo Lulinha, investigado por tr\u00e1fico de influ\u00eancia, e o caso &#8220;Dark Horse&#8221;, que apura o uso de recursos do Banco Master para a produ\u00e7\u00e3o de um filme sobre a vida do ex-presidente\u00a0Jair Bolsonaro\u00a0(PL). As acusa\u00e7\u00f5es partem dos dois lados. A Pol\u00edcia Federal sustenta que h\u00e1 uma interfer\u00eancia de Mendon\u00e7a para acelerar investiga\u00e7\u00f5es que poderiam prejudicar o presidente\u00a0Luiz In\u00e1cio Lula da Silva\u00a0(PT). J\u00e1 o entorno do ministro aponta uma suposta lentid\u00e3o justamente nos inqu\u00e9ritos que envolvem pessoas pr\u00f3ximas a Lula. O governo federal continua tentando promover uma aproxima\u00e7\u00e3o entre os dois. As articula\u00e7\u00f5es envolvem intermedi\u00e1rios como o advogado-geral da Uni\u00e3o, Jorge Messias, e o ministro da Justi\u00e7a, Wellington C\u00e9sar. At\u00e9 o momento, por\u00e9m, as tentativas n\u00e3o t\u00eam surtido efeito. Interlocutores de ambos os lados n\u00e3o veem sinais de que Andrei Rodrigues esteja disposto a se sentar para conversar com Andr\u00e9 Mendon\u00e7a. Com CNN Brasil<\/p>\n","protected":false},"author":6,"featured_media":320848,"comment_status":"closed","ping_status":"closed","sticky":false,"template":"","format":"standard","meta":{"sfsi_plus_gutenberg_text_before_share":"","sfsi_plus_gutenberg_show_text_before_share":"","sfsi_plus_gutenberg_icon_type":"","sfsi_plus_gutenberg_icon_alignemt":"","sfsi_plus_gutenburg_max_per_row":"","footnotes":""},"categories":[123],"tags":[],"class_list":["post-320847","post","type-post","status-publish","format-standard","has-post-thumbnail","hentry","category-brasil"],"_links":{"self":[{"href":"https:\/\/www.caririemacao.com\/1\/wp-json\/wp\/v2\/posts\/320847","targetHints":{"allow":["GET"]}}],"collection":[{"href":"https:\/\/www.caririemacao.com\/1\/wp-json\/wp\/v2\/posts"}],"about":[{"href":"https:\/\/www.caririemacao.com\/1\/wp-json\/wp\/v2\/types\/post"}],"author":[{"embeddable":true,"href":"https:\/\/www.caririemacao.com\/1\/wp-json\/wp\/v2\/users\/6"}],"replies":[{"embeddable":true,"href":"https:\/\/www.caririemacao.com\/1\/wp-json\/wp\/v2\/comments?post=320847"}],"version-history":[{"count":1,"href":"https:\/\/www.caririemacao.com\/1\/wp-json\/wp\/v2\/posts\/320847\/revisions"}],"predecessor-version":[{"id":320849,"href":"https:\/\/www.caririemacao.com\/1\/wp-json\/wp\/v2\/posts\/320847\/revisions\/320849"}],"wp:featuredmedia":[{"embeddable":true,"href":"https:\/\/www.caririemacao.com\/1\/wp-json\/wp\/v2\/media\/320848"}],"wp:attachment":[{"href":"https:\/\/www.caririemacao.com\/1\/wp-json\/wp\/v2\/media?parent=320847"}],"wp:term":[{"taxonomy":"category","embeddable":true,"href":"https:\/\/www.caririemacao.com\/1\/wp-json\/wp\/v2\/categories?post=320847"},{"taxonomy":"post_tag","embeddable":true,"href":"https:\/\/www.caririemacao.com\/1\/wp-json\/wp\/v2\/tags?post=320847"}],"curies":[{"name":"wp","href":"https:\/\/api.w.org\/{rel}","templated":true}]}}