{"id":320850,"date":"2026-08-28T18:25:35","date_gmt":"2026-08-28T21:25:35","guid":{"rendered":"https:\/\/www.caririemacao.com\/1\/?p=320850"},"modified":"2026-08-28T18:25:35","modified_gmt":"2026-08-28T21:25:35","slug":"chuvas-no-sul-queda-de-arvore-provoca-morte-de-menino-de-8-anos","status":"publish","type":"post","link":"https:\/\/www.caririemacao.com\/1\/2026\/08\/28\/chuvas-no-sul-queda-de-arvore-provoca-morte-de-menino-de-8-anos\/","title":{"rendered":"Chuvas no Sul: queda de \u00e1rvore provoca morte de menino de 8 anos"},"content":{"rendered":"<p style=\"text-align: center;\"><em>M\u00e3e do menino sofreu ferimentos leves<\/em><\/p>\n<p>Um menino de 8 anos morreu na manh\u00e3 desta sexta-feira (28), em Porto Alegre,\u00a0em decorr\u00eancia da forte chuva que atinge parte do Rio Grande do Sul.<img decoding=\"async\" src=\"https:\/\/agenciabrasil.ebc.com.br\/ebc.png?id=1700958&amp;o=node\" \/><img decoding=\"async\" src=\"https:\/\/agenciabrasil.ebc.com.br\/ebc.gif?id=1700958&amp;o=node\" \/><\/p>\n<p>Segundo a Defesa Civil estadual,\u00a0uma \u00e1rvore caiu sobre a casa onde o garoto morava com a fam\u00edlia,\u00a0na Vila Barranco, na Zona Norte da capital ga\u00facha.<\/p>\n<p>A m\u00e3e do menino sofreu ferimentos leves e foi levada para o Hospital de Pronto Socorro de Porto Alegre (HPS), onde o marido e o segundo filho do casal, um beb\u00ea de poucos meses, tamb\u00e9m foram atendidos, sem ferimentos.<\/p>\n<p>De acordo com a Defesa Civil estadual,\u00a0chovia e ventava forte no momento em que a \u00e1rvore caiu sobre a resid\u00eancia da fam\u00edlia.<\/p>\n<p>Em um\u00a0aviso meteorol\u00f3gico e hidrol\u00f3gico divulgado esta manha, pouco antes do acidente, o \u00f3rg\u00e3o ga\u00facho alertou para o risco da chuva intensa, com ventos que poderiam ultrapassar os 90 quil\u00f4metros\/hora, causar alagamentos, destelhamentos e outras ocorr\u00eancias na regi\u00e3o metropolitana de Porto Alegre e em outras localidades do Rio Grande do Sul.<\/p>\n<p>A prefeitura de Porto Alegre lamentou a morte da crian\u00e7a e garantiu que a fam\u00edlia receber\u00e1 todo o atendimento e suporte necess\u00e1rios, nas \u00e1reas de sa\u00fade, assist\u00eancia social, habita\u00e7\u00e3o e acolhimento psicol\u00f3gico.<\/p>\n<p>O executivo municipal informou ainda que a \u00e1rvore estava localizada no terreno do pr\u00f3prio im\u00f3vel, constru\u00eddo em uma \u00e1rea de ocupa\u00e7\u00e3o irregular.<\/p>\n","protected":false},"excerpt":{"rendered":"<p>M\u00e3e do menino sofreu ferimentos leves Um menino de 8 anos morreu na manh\u00e3 desta sexta-feira (28), em Porto Alegre,\u00a0em decorr\u00eancia da forte chuva que atinge parte do Rio Grande do Sul. Segundo a Defesa Civil estadual,\u00a0uma \u00e1rvore caiu sobre a casa onde o garoto morava com a fam\u00edlia,\u00a0na Vila Barranco, na Zona Norte da capital ga\u00facha. A m\u00e3e do menino sofreu ferimentos leves e foi levada para o Hospital de Pronto Socorro de Porto Alegre (HPS), onde o marido e o segundo filho do casal, um beb\u00ea de poucos meses, tamb\u00e9m foram atendidos, sem ferimentos. De acordo com a Defesa Civil estadual,\u00a0chovia e ventava forte no momento em que a \u00e1rvore caiu sobre a resid\u00eancia da fam\u00edlia. Em um\u00a0aviso meteorol\u00f3gico e hidrol\u00f3gico divulgado esta manha, pouco antes do acidente, o \u00f3rg\u00e3o ga\u00facho alertou para o risco da chuva intensa, com ventos que poderiam ultrapassar os 90 quil\u00f4metros\/hora, causar alagamentos, destelhamentos e outras ocorr\u00eancias na regi\u00e3o metropolitana de Porto Alegre e em outras localidades do Rio Grande do Sul. A prefeitura de Porto Alegre lamentou a morte da crian\u00e7a e garantiu que a fam\u00edlia receber\u00e1 todo o atendimento e suporte necess\u00e1rios, nas \u00e1reas de sa\u00fade, assist\u00eancia social, habita\u00e7\u00e3o e acolhimento psicol\u00f3gico. O executivo municipal informou ainda que a \u00e1rvore estava localizada no terreno do pr\u00f3prio im\u00f3vel, constru\u00eddo em uma \u00e1rea de ocupa\u00e7\u00e3o irregular.<\/p>\n","protected":false},"author":6,"featured_media":320851,"comment_status":"closed","ping_status":"closed","sticky":false,"template":"","format":"standard","meta":{"sfsi_plus_gutenberg_text_before_share":"","sfsi_plus_gutenberg_show_text_before_share":"","sfsi_plus_gutenberg_icon_type":"","sfsi_plus_gutenberg_icon_alignemt":"","sfsi_plus_gutenburg_max_per_row":"","footnotes":""},"categories":[123],"tags":[],"class_list":["post-320850","post","type-post","status-publish","format-standard","has-post-thumbnail","hentry","category-brasil"],"_links":{"self":[{"href":"https:\/\/www.caririemacao.com\/1\/wp-json\/wp\/v2\/posts\/320850","targetHints":{"allow":["GET"]}}],"collection":[{"href":"https:\/\/www.caririemacao.com\/1\/wp-json\/wp\/v2\/posts"}],"about":[{"href":"https:\/\/www.caririemacao.com\/1\/wp-json\/wp\/v2\/types\/post"}],"author":[{"embeddable":true,"href":"https:\/\/www.caririemacao.com\/1\/wp-json\/wp\/v2\/users\/6"}],"replies":[{"embeddable":true,"href":"https:\/\/www.caririemacao.com\/1\/wp-json\/wp\/v2\/comments?post=320850"}],"version-history":[{"count":1,"href":"https:\/\/www.caririemacao.com\/1\/wp-json\/wp\/v2\/posts\/320850\/revisions"}],"predecessor-version":[{"id":320852,"href":"https:\/\/www.caririemacao.com\/1\/wp-json\/wp\/v2\/posts\/320850\/revisions\/320852"}],"wp:featuredmedia":[{"embeddable":true,"href":"https:\/\/www.caririemacao.com\/1\/wp-json\/wp\/v2\/media\/320851"}],"wp:attachment":[{"href":"https:\/\/www.caririemacao.com\/1\/wp-json\/wp\/v2\/media?parent=320850"}],"wp:term":[{"taxonomy":"category","embeddable":true,"href":"https:\/\/www.caririemacao.com\/1\/wp-json\/wp\/v2\/categories?post=320850"},{"taxonomy":"post_tag","embeddable":true,"href":"https:\/\/www.caririemacao.com\/1\/wp-json\/wp\/v2\/tags?post=320850"}],"curies":[{"name":"wp","href":"https:\/\/api.w.org\/{rel}","templated":true}]}}