{"id":320853,"date":"2026-08-28T18:27:03","date_gmt":"2026-08-28T21:27:03","guid":{"rendered":"https:\/\/www.caririemacao.com\/1\/?p=320853"},"modified":"2026-08-28T18:27:03","modified_gmt":"2026-08-28T21:27:03","slug":"governo-sanciona-lei-que-permite-reduzir-tributos-sobre-combustiveis","status":"publish","type":"post","link":"https:\/\/www.caririemacao.com\/1\/2026\/08\/28\/governo-sanciona-lei-que-permite-reduzir-tributos-sobre-combustiveis\/","title":{"rendered":"Governo sanciona lei que permite reduzir tributos sobre combust\u00edveis"},"content":{"rendered":"<p style=\"text-align: center;\"><em>Texto d\u00e1 espa\u00e7o para incentivos a minerais estrat\u00e9gicos e fertilizante<\/em><\/p>\n<p>A presid\u00eancia da Rep\u00fablica sancionou a Lei Complementar n\u00ba 235, de\u00a027 de agosto de 2026\u00a0que estabelece regras para a redu\u00e7\u00e3o de al\u00edquotas de tributos federais sobre a importa\u00e7\u00e3o, a produ\u00e7\u00e3o e a\u00a0 comercializa\u00e7\u00e3o dos principais combust\u00edveis.\u00a0O texto foi aprovado no in\u00edcio do m\u00eas pelo Senado, ap\u00f3s ter passado pela C\u00e2mara dos Deputados.<img decoding=\"async\" src=\"https:\/\/agenciabrasil.ebc.com.br\/ebc.png?id=1700945&amp;o=node\" \/><img decoding=\"async\" src=\"https:\/\/agenciabrasil.ebc.com.br\/ebc.gif?id=1700945&amp;o=node\" \/><\/p>\n<p>A concess\u00e3o de ren\u00fancias de receita visa diminuir os impactos econ\u00f4micos no mercado internacional de energia decorrentes do conflito no Oriente M\u00e9dio. A nova lei foi publicada no\u00a0<a href=\"https:\/\/www.planalto.gov.br\/ccivil_03\/leis\/lcp\/lcp235.htm\" target=\"_blank\" rel=\"noopener\"><em>Di\u00e1rio Oficial da Uni\u00e3o<\/em><\/a>\u00a0desta sexta-feira (28).<\/p>\n<p>O texto permite que eventual redu\u00e7\u00e3o de tributos incidentes sobre combust\u00edveis seja compensada por receitas extraordin\u00e1rias obtidas pela Uni\u00e3o em raz\u00e3o da valoriza\u00e7\u00e3o do petr\u00f3leo no mercado internacional.<\/p>\n<p>Al\u00e9m da quest\u00e3o dos combust\u00edveis,\u00a0a lei cria condi\u00e7\u00f5es para benef\u00edcios tribut\u00e1rios destinados \u00e0 Pol\u00edtica Nacional de Minerais Cr\u00edticos e Estrat\u00e9gicos e ao Programa de Desenvolvimento da Ind\u00fastria de Fertilizantes, estimulando setores considerados estrat\u00e9gicos para o pa\u00eds.<\/p>\n<p>H\u00e1 tamb\u00e9m a previs\u00e3o de um tratamento tribut\u00e1rio espec\u00edfico para iniciativas ligadas \u00e0 realiza\u00e7\u00e3o da Copa do Mundo Feminina de 2027.<\/p>\n","protected":false},"excerpt":{"rendered":"<p>Texto d\u00e1 espa\u00e7o para incentivos a minerais estrat\u00e9gicos e fertilizante A presid\u00eancia da Rep\u00fablica sancionou a Lei Complementar n\u00ba 235, de\u00a027 de agosto de 2026\u00a0que estabelece regras para a redu\u00e7\u00e3o de al\u00edquotas de tributos federais sobre a importa\u00e7\u00e3o, a produ\u00e7\u00e3o e a\u00a0 comercializa\u00e7\u00e3o dos principais combust\u00edveis.\u00a0O texto foi aprovado no in\u00edcio do m\u00eas pelo Senado, ap\u00f3s ter passado pela C\u00e2mara dos Deputados. A concess\u00e3o de ren\u00fancias de receita visa diminuir os impactos econ\u00f4micos no mercado internacional de energia decorrentes do conflito no Oriente M\u00e9dio. A nova lei foi publicada no\u00a0Di\u00e1rio Oficial da Uni\u00e3o\u00a0desta sexta-feira (28). O texto permite que eventual redu\u00e7\u00e3o de tributos incidentes sobre combust\u00edveis seja compensada por receitas extraordin\u00e1rias obtidas pela Uni\u00e3o em raz\u00e3o da valoriza\u00e7\u00e3o do petr\u00f3leo no mercado internacional. Al\u00e9m da quest\u00e3o dos combust\u00edveis,\u00a0a lei cria condi\u00e7\u00f5es para benef\u00edcios tribut\u00e1rios destinados \u00e0 Pol\u00edtica Nacional de Minerais Cr\u00edticos e Estrat\u00e9gicos e ao Programa de Desenvolvimento da Ind\u00fastria de Fertilizantes, estimulando setores considerados estrat\u00e9gicos para o pa\u00eds. H\u00e1 tamb\u00e9m a previs\u00e3o de um tratamento tribut\u00e1rio espec\u00edfico para iniciativas ligadas \u00e0 realiza\u00e7\u00e3o da Copa do Mundo Feminina de 2027.<\/p>\n","protected":false},"author":6,"featured_media":304263,"comment_status":"closed","ping_status":"closed","sticky":false,"template":"","format":"standard","meta":{"sfsi_plus_gutenberg_text_before_share":"","sfsi_plus_gutenberg_show_text_before_share":"","sfsi_plus_gutenberg_icon_type":"","sfsi_plus_gutenberg_icon_alignemt":"","sfsi_plus_gutenburg_max_per_row":"","footnotes":""},"categories":[123],"tags":[],"class_list":["post-320853","post","type-post","status-publish","format-standard","has-post-thumbnail","hentry","category-brasil"],"_links":{"self":[{"href":"https:\/\/www.caririemacao.com\/1\/wp-json\/wp\/v2\/posts\/320853","targetHints":{"allow":["GET"]}}],"collection":[{"href":"https:\/\/www.caririemacao.com\/1\/wp-json\/wp\/v2\/posts"}],"about":[{"href":"https:\/\/www.caririemacao.com\/1\/wp-json\/wp\/v2\/types\/post"}],"author":[{"embeddable":true,"href":"https:\/\/www.caririemacao.com\/1\/wp-json\/wp\/v2\/users\/6"}],"replies":[{"embeddable":true,"href":"https:\/\/www.caririemacao.com\/1\/wp-json\/wp\/v2\/comments?post=320853"}],"version-history":[{"count":1,"href":"https:\/\/www.caririemacao.com\/1\/wp-json\/wp\/v2\/posts\/320853\/revisions"}],"predecessor-version":[{"id":320854,"href":"https:\/\/www.caririemacao.com\/1\/wp-json\/wp\/v2\/posts\/320853\/revisions\/320854"}],"wp:featuredmedia":[{"embeddable":true,"href":"https:\/\/www.caririemacao.com\/1\/wp-json\/wp\/v2\/media\/304263"}],"wp:attachment":[{"href":"https:\/\/www.caririemacao.com\/1\/wp-json\/wp\/v2\/media?parent=320853"}],"wp:term":[{"taxonomy":"category","embeddable":true,"href":"https:\/\/www.caririemacao.com\/1\/wp-json\/wp\/v2\/categories?post=320853"},{"taxonomy":"post_tag","embeddable":true,"href":"https:\/\/www.caririemacao.com\/1\/wp-json\/wp\/v2\/tags?post=320853"}],"curies":[{"name":"wp","href":"https:\/\/api.w.org\/{rel}","templated":true}]}}