{"id":320855,"date":"2026-08-28T18:33:48","date_gmt":"2026-08-28T21:33:48","guid":{"rendered":"https:\/\/www.caririemacao.com\/1\/?p=320855"},"modified":"2026-08-28T18:33:48","modified_gmt":"2026-08-28T21:33:48","slug":"luan-estilizado-e-a-quarta-atracao-confirmada-para-o-festival-do-mel-2026-em-sao-jose-dos-cordeiros","status":"publish","type":"post","link":"https:\/\/www.caririemacao.com\/1\/2026\/08\/28\/luan-estilizado-e-a-quarta-atracao-confirmada-para-o-festival-do-mel-2026-em-sao-jose-dos-cordeiros\/","title":{"rendered":"Luan Estilizado \u00e9 a quarta atra\u00e7\u00e3o confirmada para o Festival do Mel 2026, em S\u00e3o Jos\u00e9 dos Cordeiros"},"content":{"rendered":"<p class=\"PDq2pG_selectionAnchorContainer\" data-start=\"104\" data-end=\"372\">O prefeito de S\u00e3o Jos\u00e9 dos Cordeiros, Fel\u00edcio Queiroz, anunciou mais uma atra\u00e7\u00e3o para o 16\u00ba Festival do Mel, que ser\u00e1 realizado entre os dias 25 e 27 de setembro de 2026. O cantor Luan Estilizado \u00e9 o quarto nome confirmado para a programa\u00e7\u00e3o deste ano.<\/p>\n<p data-start=\"374\" data-end=\"550\">Com o novo an\u00fancio, Luan Estilizado se junta a Henry Freitas, Ra\u00e7a Negra e Tarc\u00edsio do Acordeon, atra\u00e7\u00f5es que j\u00e1 haviam sido divulgadas anteriormente pela gest\u00e3o municipal.<\/p>\n<p data-start=\"552\" data-end=\"778\">Conhecido por sucessos que misturam forr\u00f3 e outros ritmos nordestinos, Luan Estilizado refor\u00e7a a programa\u00e7\u00e3o musical preparada para uma das principais festividades do calend\u00e1rio de S\u00e3o Jos\u00e9 dos Cordeiros e do Cariri paraibano.<\/p>\n<p data-start=\"780\" data-end=\"881\">O prefeito Fel\u00edcio Queiroz comemorou a confirma\u00e7\u00e3o e destacou que outros an\u00fancios ainda ser\u00e3o feitos.<\/p>\n<p data-start=\"883\" data-end=\"1225\">\u201cEstamos preparando uma edi\u00e7\u00e3o hist\u00f3rica do Festival do Mel. Luan Estilizado chega para se juntar a Henry Freitas, Ra\u00e7a Negra e Tarc\u00edsio do Acordeon em uma programa\u00e7\u00e3o que estamos construindo com muito carinho para o nosso povo e para todos que visitam S\u00e3o Jos\u00e9 dos Cordeiros. E ainda temos muita coisa boa para anunciar\u201d, afirmou o prefeito.<\/p>\n<p data-start=\"1227\" data-end=\"1424\">O Festival do Mel chega \u00e0 sua 16\u00aa edi\u00e7\u00e3o consolidado como um dos principais eventos de S\u00e3o Jos\u00e9 dos Cordeiros, reunindo m\u00fasica, cultura, tradi\u00e7\u00e3o e atividades ligadas \u00e0 cadeia produtiva do mel.<\/p>\n<p data-start=\"1426\" data-end=\"1579\" data-is-last-node=\"\" data-is-only-node=\"\">A programa\u00e7\u00e3o acontecer\u00e1 de 25 a 27 de setembro, e novas atra\u00e7\u00f5es dever\u00e3o ser anunciadas nos pr\u00f3ximos dias pela Prefeitura de S\u00e3o Jos\u00e9 dos Cordeiros.<\/p>\n<p data-start=\"1426\" data-end=\"1579\" data-is-last-node=\"\" data-is-only-node=\"\"><strong>CARIRI EM A\u00c7\u00c3O<\/strong><\/p>\n","protected":false},"excerpt":{"rendered":"<p>O prefeito de S\u00e3o Jos\u00e9 dos Cordeiros, Fel\u00edcio Queiroz, anunciou mais uma atra\u00e7\u00e3o para o 16\u00ba Festival do Mel, que ser\u00e1 realizado entre os dias 25 e 27 de setembro de 2026. O cantor Luan Estilizado \u00e9 o quarto nome confirmado para a programa\u00e7\u00e3o deste ano. Com o novo an\u00fancio, Luan Estilizado se junta a Henry Freitas, Ra\u00e7a Negra e Tarc\u00edsio do Acordeon, atra\u00e7\u00f5es que j\u00e1 haviam sido divulgadas anteriormente pela gest\u00e3o municipal. Conhecido por sucessos que misturam forr\u00f3 e outros ritmos nordestinos, Luan Estilizado refor\u00e7a a programa\u00e7\u00e3o musical preparada para uma das principais festividades do calend\u00e1rio de S\u00e3o Jos\u00e9 dos Cordeiros e do Cariri paraibano. O prefeito Fel\u00edcio Queiroz comemorou a confirma\u00e7\u00e3o e destacou que outros an\u00fancios ainda ser\u00e3o feitos. \u201cEstamos preparando uma edi\u00e7\u00e3o hist\u00f3rica do Festival do Mel. Luan Estilizado chega para se juntar a Henry Freitas, Ra\u00e7a Negra e Tarc\u00edsio do Acordeon em uma programa\u00e7\u00e3o que estamos construindo com muito carinho para o nosso povo e para todos que visitam S\u00e3o Jos\u00e9 dos Cordeiros. E ainda temos muita coisa boa para anunciar\u201d, afirmou o prefeito. O Festival do Mel chega \u00e0 sua 16\u00aa edi\u00e7\u00e3o consolidado como um dos principais eventos de S\u00e3o Jos\u00e9 dos Cordeiros, reunindo m\u00fasica, cultura, tradi\u00e7\u00e3o e atividades ligadas \u00e0 cadeia produtiva do mel. A programa\u00e7\u00e3o acontecer\u00e1 de 25 a 27 de setembro, e novas atra\u00e7\u00f5es dever\u00e3o ser anunciadas nos pr\u00f3ximos dias pela Prefeitura de S\u00e3o Jos\u00e9 dos Cordeiros. CARIRI EM A\u00c7\u00c3O<\/p>\n","protected":false},"author":6,"featured_media":320856,"comment_status":"closed","ping_status":"closed","sticky":false,"template":"","format":"standard","meta":{"sfsi_plus_gutenberg_text_before_share":"","sfsi_plus_gutenberg_show_text_before_share":"","sfsi_plus_gutenberg_icon_type":"","sfsi_plus_gutenberg_icon_alignemt":"","sfsi_plus_gutenburg_max_per_row":"","footnotes":""},"categories":[6],"tags":[],"class_list":["post-320855","post","type-post","status-publish","format-standard","has-post-thumbnail","hentry","category-cidades"],"_links":{"self":[{"href":"https:\/\/www.caririemacao.com\/1\/wp-json\/wp\/v2\/posts\/320855","targetHints":{"allow":["GET"]}}],"collection":[{"href":"https:\/\/www.caririemacao.com\/1\/wp-json\/wp\/v2\/posts"}],"about":[{"href":"https:\/\/www.caririemacao.com\/1\/wp-json\/wp\/v2\/types\/post"}],"author":[{"embeddable":true,"href":"https:\/\/www.caririemacao.com\/1\/wp-json\/wp\/v2\/users\/6"}],"replies":[{"embeddable":true,"href":"https:\/\/www.caririemacao.com\/1\/wp-json\/wp\/v2\/comments?post=320855"}],"version-history":[{"count":1,"href":"https:\/\/www.caririemacao.com\/1\/wp-json\/wp\/v2\/posts\/320855\/revisions"}],"predecessor-version":[{"id":320857,"href":"https:\/\/www.caririemacao.com\/1\/wp-json\/wp\/v2\/posts\/320855\/revisions\/320857"}],"wp:featuredmedia":[{"embeddable":true,"href":"https:\/\/www.caririemacao.com\/1\/wp-json\/wp\/v2\/media\/320856"}],"wp:attachment":[{"href":"https:\/\/www.caririemacao.com\/1\/wp-json\/wp\/v2\/media?parent=320855"}],"wp:term":[{"taxonomy":"category","embeddable":true,"href":"https:\/\/www.caririemacao.com\/1\/wp-json\/wp\/v2\/categories?post=320855"},{"taxonomy":"post_tag","embeddable":true,"href":"https:\/\/www.caririemacao.com\/1\/wp-json\/wp\/v2\/tags?post=320855"}],"curies":[{"name":"wp","href":"https:\/\/api.w.org\/{rel}","templated":true}]}}