{"id":320859,"date":"2026-08-28T19:14:58","date_gmt":"2026-08-28T22:14:58","guid":{"rendered":"https:\/\/www.caririemacao.com\/1\/?p=320859"},"modified":"2026-08-28T19:14:58","modified_gmt":"2026-08-28T22:14:58","slug":"fogo-consome-apartamento-no-bairro-dos-bancarios-em-joao-pessoa","status":"publish","type":"post","link":"https:\/\/www.caririemacao.com\/1\/2026\/08\/28\/fogo-consome-apartamento-no-bairro-dos-bancarios-em-joao-pessoa\/","title":{"rendered":"Fogo consome apartamento no bairro dos Banc\u00e1rios, em Jo\u00e3o Pessoa"},"content":{"rendered":"<p>No bairro Sul de Jo\u00e3o Pessoa, a fuma\u00e7a saindo do apartamento gerou interesse entre os moradores e rapidamente viralizou nas redes sociais. Segundo o Corpo de Bombeiros, uma moradora estava presente no local quando ocorreu o incidente.<\/p>\n<p>A pessoa n\u00e3o sofreu les\u00f5es f\u00edsicas. O \u00f3rg\u00e3o informou que ainda n\u00e3o h\u00e1 informa\u00e7\u00f5es detalhadas sobre como as chamas se iniciaram. As chamas consumiram tr\u00eas ambientes do im\u00f3vel, incluindo dois quartos, a sala e a cozinha.<\/p>\n<p>Dois grupos de combate a inc\u00eandio foram acionados para intervir. As equipes combateram as chamas no local e, ao receberem relatos de animais dom\u00e9sticos em im\u00f3veis vizinhos, realizaram buscas e procedimentos de ventila\u00e7\u00e3o para eliminar a fuma\u00e7a acumulada. V\u00eddeos relacionados ao evento est\u00e3o dispon\u00edveis online.<\/p>\n<p><em>Fonte: G1 Para\u00edba<\/em><\/p>\n","protected":false},"excerpt":{"rendered":"<p>Pr\u00e9dio em chamas nos Banc\u00e1rios. Reprodu\u00e7\u00e3o\/redes sociais Um apartamento pegou fogo na tarde desta sexta-feira (28) no bairro dos Banc\u00e1rios, na Zona Sul de Jo\u00e3o Pessoa. A fuma\u00e7a no apartamento chamou a aten\u00e7\u00e3o de moradores da regi\u00e3o e logo foi compartilhada em redes sociais. De acordo com o Corpo de Bombeiros, uma moradora estava no local. Ela n\u00e3o ficou ferida. &#x2705; Clique aqui para seguir o canal do g1 PB no WhatsApp De acordo com o \u00f3rg\u00e3o, ainda n\u00e3o h\u00e1 detalhes sobre como as chamas iniciaram. Elas destru\u00edram tr\u00eas c\u00f4modos do apartamento: dois quartos, sala e cozinha. Duas equipes de combate a inc\u00eandio foram mobilizadas para o atendimento. As equipes realizaram o combate \u00e0s chamas no apartamento e, diante da informa\u00e7\u00e3o de que havia animais dom\u00e9sticos em im\u00f3veis vizinhos, tamb\u00e9m fizeram buscas e a ventila\u00e7\u00e3o desses ambientes para retirada da fuma\u00e7a. V\u00eddeos mais assistidos do g1 Para\u00edba<\/p>\n","protected":false},"author":0,"featured_media":320860,"comment_status":"closed","ping_status":"closed","sticky":false,"template":"","format":"standard","meta":{"sfsi_plus_gutenberg_text_before_share":"","sfsi_plus_gutenberg_show_text_before_share":"","sfsi_plus_gutenberg_icon_type":"","sfsi_plus_gutenberg_icon_alignemt":"","sfsi_plus_gutenburg_max_per_row":"","footnotes":""},"categories":[104],"tags":[],"class_list":["post-320859","post","type-post","status-publish","format-standard","has-post-thumbnail","hentry","category-paraiba"],"_links":{"self":[{"href":"https:\/\/www.caririemacao.com\/1\/wp-json\/wp\/v2\/posts\/320859","targetHints":{"allow":["GET"]}}],"collection":[{"href":"https:\/\/www.caririemacao.com\/1\/wp-json\/wp\/v2\/posts"}],"about":[{"href":"https:\/\/www.caririemacao.com\/1\/wp-json\/wp\/v2\/types\/post"}],"replies":[{"embeddable":true,"href":"https:\/\/www.caririemacao.com\/1\/wp-json\/wp\/v2\/comments?post=320859"}],"version-history":[{"count":1,"href":"https:\/\/www.caririemacao.com\/1\/wp-json\/wp\/v2\/posts\/320859\/revisions"}],"predecessor-version":[{"id":320861,"href":"https:\/\/www.caririemacao.com\/1\/wp-json\/wp\/v2\/posts\/320859\/revisions\/320861"}],"wp:featuredmedia":[{"embeddable":true,"href":"https:\/\/www.caririemacao.com\/1\/wp-json\/wp\/v2\/media\/320860"}],"wp:attachment":[{"href":"https:\/\/www.caririemacao.com\/1\/wp-json\/wp\/v2\/media?parent=320859"}],"wp:term":[{"taxonomy":"category","embeddable":true,"href":"https:\/\/www.caririemacao.com\/1\/wp-json\/wp\/v2\/categories?post=320859"},{"taxonomy":"post_tag","embeddable":true,"href":"https:\/\/www.caririemacao.com\/1\/wp-json\/wp\/v2\/tags?post=320859"}],"curies":[{"name":"wp","href":"https:\/\/api.w.org\/{rel}","templated":true}]}}