{"id":320862,"date":"2026-08-28T20:15:21","date_gmt":"2026-08-28T23:15:21","guid":{"rendered":"https:\/\/www.caririemacao.com\/1\/?p=320862"},"modified":"2026-08-28T20:15:21","modified_gmt":"2026-08-28T23:15:21","slug":"campanhas-politicas-na-paraiba-diversos-candidatos-realizaram-atividades-em-joao-pessoa-e-interior-estadual","status":"publish","type":"post","link":"https:\/\/www.caririemacao.com\/1\/2026\/08\/28\/campanhas-politicas-na-paraiba-diversos-candidatos-realizaram-atividades-em-joao-pessoa-e-interior-estadual\/","title":{"rendered":"Campanhas pol\u00edticas na Para\u00edba: diversos candidatos realizaram atividades em Jo\u00e3o Pessoa e interior estadual"},"content":{"rendered":"<p>Diversos candidatos ao governo da Para\u00edba mantiveram suas agendas de campanha nesta sexta-feira (28), com compromissos espalhados entre a capital e munic\u00edpios do interior.<\/p>\n<p>A primeira rodada de vota\u00e7\u00e3o est\u00e1 prevista para 4 de outubro, enquanto a segunda ser\u00e1 realizada no dia 25 do mesmo m\u00eas.<\/p>\n<p>No centro de Jo\u00e3o Pessoa, C\u00edcero Lucena (MDB) completou sua jornada de campanha, visitando o Hospital Napole\u00e3o Laureano \u2014 refer\u00eancia no tratamento contra o c\u00e2ncer no estado \u2014 e gravando conte\u00fados eleitorais. Na mesma manh\u00e3, o candidato participou do lan\u00e7amento do livro &#8220;Z\u00e9 Carlos 100 anos&#8221;, em homenagem ao empres\u00e1rio Jos\u00e9 Carlos da Silva J\u00fanior, e inaugurou um comit\u00ea pol\u00edtico no bairro de Mangabeira, seguido por uma a\u00e7\u00e3o de rua no Parque das Tr\u00eas Ruas.<\/p>\n<p>Efraim Filho (PL) tamb\u00e9m teve seu dia de campanha na capital. Durante esta sexta-feira, o candidato participou de um evento focado nas transforma\u00e7\u00f5es no com\u00e9rcio, realizado no Centro de Conven\u00e7\u00f5es, e realizou uma a\u00e7\u00e3o de rua no Parque das Tr\u00eas Ruas, al\u00e9m de participar de um evento privado.<\/p>\n<p>Lucas Ribeiro (PP) viajou entre Campina Grande e Puxinan\u00e3, no Agreste da Para\u00edba, cumprindo sua agenda de campanha nesta sexta-feira. Na cidade de Campina Grande, o candidato reuniu-se com empres\u00e1rios do setor log\u00edstico na C\u00e2mara de Dirigentes Logistas (CDL).<\/p>\n<p>Em Puxinan\u00e3, tamb\u00e9m no Agreste da Para\u00edba, Lucas Ribeiro continuou sua rota de campanha.<\/p>\n<p>Camilo Duarte (PCO) manteve sua agenda confidencial durante esta sexta-feira (28), sem divulgar detalhes espec\u00edficos sobre seus compromissos.<\/p>\n<p>Pedro Coutinho (DC) visitou Guarabira e Jo\u00e3o Pessoa, onde foi questionado pelo Cons\u00f3rcio de M\u00eddias Digitais do Brejo em Guarabira. No Jo\u00e3o Pessoa, o candidato gravou entrevistas e produziu conte\u00fado para redes sociais, al\u00e9m de realizar um culto evang\u00e9lico familiar no bairro de Gramame.<\/p>\n<p>Yuri Ezequiel (UP) tamb\u00e9m realizou sua agenda de campanha em Jo\u00e3o Pessoa nesta sexta-feira, iniciando com panfletagem no Parque da Lagoa pela manh\u00e3 e visitando fam\u00edlias no bairro do R\u00f3ger \u00e0 tarde, terminando o dia com panfletagem no bairro dos Banc\u00e1rios \u00e0 noite.<\/p>\n<p><em>Fonte: G1 Para\u00edba<\/em><\/p>\n","protected":false},"excerpt":{"rendered":"<p>Veja agenda dos candidatos ao governo da Para\u00edba Reprodu\u00e7\u00e3o Os candidatos ao governo da Para\u00edba realizaram mais um dia de campanha, nesta sexta-feira (28), em diferentes locais do estado. Entre os compromissos dos candidatos estiveram visita a hospital, reuni\u00e3o com lojistas e eventos privados. O primeiro turno de vota\u00e7\u00e3o ser\u00e1 em 4 de outubro. O segundo est\u00e1 marcado para o dia 25 do mesmo m\u00eas. &#x2705; Clique aqui para seguir o canal do g1 PB no WhatsApp Veja, abaixo, como foi o dia de campanha de cada candidato: C\u00edcero Lucena (MDB) O candidato ao governo da Para\u00edba, C\u00edcero Lucena (MDB), cumpriu agenda de campanha em Jo\u00e3o Pessoa nesta sexta-feira (28). Ao longo do dia, ele gravou conte\u00fados eleitorais e visitou o Hospital Napole\u00e3o Laureano, refer\u00eancia no tratamento contra o c\u00e2ncer no estado. Ainda nesta sexta-feira (28), C\u00edcero deve participar do lan\u00e7amento do livro \u201cZ\u00e9 Carlos 100 anos\u201d, em homenagem ao empres\u00e1rio Jos\u00e9 Carlos da Silva J\u00fanior, e da inaugura\u00e7\u00e3o de um comit\u00ea pol\u00edtico no bairro de Mangabeira. Depois, o candidato deve participar de uma carreata no mesmo bairro. Efraim Filho O candidato ao governo da Para\u00edba, Efraim Filho (PL), cumpriu agenda de campanha em Jo\u00e3o Pessoa nesta sexta-feira (28). Durante o dia, ele participou de um evento voltado \u00e0s transforma\u00e7\u00f5es no com\u00e9rcio, realizado no Centro de Conven\u00e7\u00f5es. A agenda de Efraim Filho nesta sexta-feira (28) inclui uma a\u00e7\u00e3o de rua no Parque das Tr\u00eas Ruas, em Jo\u00e3o Pessoa, e a participa\u00e7\u00e3o em um evento privado. Lucas Ribeiro (PP) O candidato a governador da Para\u00edba, Lucas Ribeiro (PP)cumpriu agenda em Campina Grande e em Puxinan\u00e3, no Agreste da Para\u00edba, nesta sexta-feira (28). Pela manh\u00e3, o candidato esteve na C\u00e2mara de Dirigentes Logistas (CDL) de Campina Grande, onde se reuniu com empres\u00e1rios do com\u00e9rcio. Depois de Campina Grande, Lucas Ribeiro seguiu para Puxinan\u00e3, tamb\u00e9m no Agreste da Para\u00edba. Camilo Duarte (PCO) O candidato n\u00e3o divulgou a agenda desta sexta-feira (28). Pedro Coutinho (DC) O candidato Pedro Coutinho (DC) cumpriu agenda em Guarabira e Jo\u00e3o Pessoa nesta sexta-feira (28). Em Guarabira, o candidato foi sabatinado pelo Cons\u00f3rcio de M\u00eddias Digitais do Brejo. Em seguida, almo\u00e7ou com apoiadores e dialogou com comerciantes. Depois, Pedro Coutinho seguiu para Jo\u00e3o Pessoa, onde gravou uma entrevista e gravou conte\u00fado para as redes sociais. A agenda do candidato nesta sexta-feira (28) tamb\u00e9m inclui culto evang\u00e9lico familiar no bairro de Gramame, na capital. Yuri Ezequiel (UP) O candidato Yuri Ezequiel (UP) cumpriu agenda em Jo\u00e3o Pessoa nesta sexta-feira (28). Pela manh\u00e3, \u00e0s 7h, o candidato fez panfletagem no Parque da Lagoa e, \u00e0 tarde, visitou fam\u00edlias no bairro do R\u00f3ger. \u00c0 noite, o candidato fez panfletagem no bairro dos Banc\u00e1rios. Agora no g1 V\u00eddeos mais assistidos do g1 Para\u00edba<\/p>\n","protected":false},"author":0,"featured_media":320863,"comment_status":"closed","ping_status":"closed","sticky":false,"template":"","format":"standard","meta":{"sfsi_plus_gutenberg_text_before_share":"","sfsi_plus_gutenberg_show_text_before_share":"","sfsi_plus_gutenberg_icon_type":"","sfsi_plus_gutenberg_icon_alignemt":"","sfsi_plus_gutenburg_max_per_row":"","footnotes":""},"categories":[104],"tags":[],"class_list":["post-320862","post","type-post","status-publish","format-standard","has-post-thumbnail","hentry","category-paraiba"],"_links":{"self":[{"href":"https:\/\/www.caririemacao.com\/1\/wp-json\/wp\/v2\/posts\/320862","targetHints":{"allow":["GET"]}}],"collection":[{"href":"https:\/\/www.caririemacao.com\/1\/wp-json\/wp\/v2\/posts"}],"about":[{"href":"https:\/\/www.caririemacao.com\/1\/wp-json\/wp\/v2\/types\/post"}],"replies":[{"embeddable":true,"href":"https:\/\/www.caririemacao.com\/1\/wp-json\/wp\/v2\/comments?post=320862"}],"version-history":[{"count":1,"href":"https:\/\/www.caririemacao.com\/1\/wp-json\/wp\/v2\/posts\/320862\/revisions"}],"predecessor-version":[{"id":320864,"href":"https:\/\/www.caririemacao.com\/1\/wp-json\/wp\/v2\/posts\/320862\/revisions\/320864"}],"wp:featuredmedia":[{"embeddable":true,"href":"https:\/\/www.caririemacao.com\/1\/wp-json\/wp\/v2\/media\/320863"}],"wp:attachment":[{"href":"https:\/\/www.caririemacao.com\/1\/wp-json\/wp\/v2\/media?parent=320862"}],"wp:term":[{"taxonomy":"category","embeddable":true,"href":"https:\/\/www.caririemacao.com\/1\/wp-json\/wp\/v2\/categories?post=320862"},{"taxonomy":"post_tag","embeddable":true,"href":"https:\/\/www.caririemacao.com\/1\/wp-json\/wp\/v2\/tags?post=320862"}],"curies":[{"name":"wp","href":"https:\/\/api.w.org\/{rel}","templated":true}]}}