{"id":320868,"date":"2026-08-29T07:15:53","date_gmt":"2026-08-29T10:15:53","guid":{"rendered":"https:\/\/www.caririemacao.com\/1\/?p=320868"},"modified":"2026-08-29T07:15:53","modified_gmt":"2026-08-29T10:15:53","slug":"tres-trechos-de-praia-no-litoral-da-paraiba-identificados-como-improprios-para-banho","status":"publish","type":"post","link":"https:\/\/www.caririemacao.com\/1\/2026\/08\/29\/tres-trechos-de-praia-no-litoral-da-paraiba-identificados-como-improprios-para-banho\/","title":{"rendered":"Tr\u00eas trechos de praia no Litoral da Para\u00edba identificados como impr\u00f3prios para banho"},"content":{"rendered":"<p>A Superintend\u00eancia de Administra\u00e7\u00e3o do Meio Ambiente (Sudema) divulgou um relat\u00f3rio de balneabilidade que aponta tr\u00eas segmentos de praia no estado da Para\u00edba como impr\u00f3prios para a pr\u00e1tica de nata\u00e7\u00e3o. Dois desses locais ficam situados em Pitimb\u00fa, enquanto o terceiro est\u00e1 em Jo\u00e3o Pessoa. As coletas de amostras foram realizadas entre os dias 24 e 27 de agosto, e o documento permanece v\u00e1lido at\u00e9 04 de setembro, data prevista para a emiss\u00e3o do pr\u00f3ximo relat\u00f3rio.<\/p>\n<p>Segundo a entidade ambiental, a designa\u00e7\u00e3o de \u00e1rea impr\u00f3pria para banho restringe-se a uma faixa de aproximadamente 100 metros, situando-se \u00e0 esquerda e \u00e0 direita do ponto de coleta. Fora desse per\u00edmetro, as praias continuam dispon\u00edveis para o banho, condicionado a novas medi\u00e7\u00f5es que indicem altera\u00e7\u00f5es na qualidade da \u00e1gua. Atualmente, a Sudema supervisiona 62 pontos de monitoramento distribu\u00eddos pelos munic\u00edpios de Jo\u00e3o Pessoa, Pitimb\u00fa, Mataraca, Ba\u00eda da Trai\u00e7\u00e3o, Conde, Lucena, Cabedelo e Rio Tinto.<\/p>\n<p>A lista detalhada dos trechos problem\u00e1ticos inclui: em Jo\u00e3o Pessoa, a Praia de Penha localizada na Rua Ver. Mario Torres de Andrade; em Pitimb\u00fa; em Macei\u00f3, na Avenida Beira Mar; e em Guarita, tamb\u00e9m na Avenida Beira Mar. O material tamb\u00e9m apresenta v\u00eddeos mais assistidos relacionados ao tema.<\/p>\n<p><em>Fonte: G1 Para\u00edba<\/em><\/p>\n","protected":false},"excerpt":{"rendered":"<p>Praia de Cabedelo, no Litoral da Para\u00edba Danilo Queiroz \/ g1 A Para\u00edba tem tr\u00eas trechos impr\u00f3prios para banho de acordo com o relat\u00f3rio de balneabilidade divulgado pela Superintend\u00eancia de Administra\u00e7\u00e3o do Meio Ambiente (Sudema) nesta sexta-feira (28). Dois dos trechos est\u00e3o localizados em Pitimb\u00fa e um em Jo\u00e3o Pessoa. &#x2705; Clique aqui para seguir o canal do g1 PB no WhatsApp O relat\u00f3rio coletou amostras nos per\u00edodos de 24 a 27 de agosto, e \u00e9 v\u00e1lido at\u00e9 04 de setembro, data de divulga\u00e7\u00e3o do pr\u00f3ximo relat\u00f3rio. &#x26a0;&#xfe0f; Segundo o \u00f3rg\u00e3o ambiental, a classifica\u00e7\u00e3o de impr\u00f3prio para banho se aplica exclusivamente a uma faixa de 100 metros \u00e0 direita e \u00e0 esquerda do ponto de coleta. Fora deste per\u00edmetro, as praias permanecem liberadas para o banho, at\u00e9 que novos dados indiquem mudan\u00e7a na qualidade da \u00e1gua. Ao todo, a Sudema monitora 62 pontos distribu\u00eddos nos munic\u00edpios de Jo\u00e3o Pessoa, Pitimbu, Mataraca, Ba\u00eda da Trai\u00e7\u00e3o, Conde, Lucena, Cabedelo e Rio Tinto. Agora no g1 Lista de trechos de praias impr\u00f3prios para banho no Litoral da Para\u00edba: Em Jo\u00e3o Pessoa Penha: Rua Ver. Mario Torres de Andrade Em Pitimb\u00fa Macei\u00f3 : Avenida Beira Mar Guarita: Avenida Beira Mar V\u00eddeos mais assistidos do g1 Para\u00edba<\/p>\n","protected":false},"author":0,"featured_media":320869,"comment_status":"closed","ping_status":"closed","sticky":false,"template":"","format":"standard","meta":{"sfsi_plus_gutenberg_text_before_share":"","sfsi_plus_gutenberg_show_text_before_share":"","sfsi_plus_gutenberg_icon_type":"","sfsi_plus_gutenberg_icon_alignemt":"","sfsi_plus_gutenburg_max_per_row":"","footnotes":""},"categories":[104],"tags":[],"class_list":["post-320868","post","type-post","status-publish","format-standard","has-post-thumbnail","hentry","category-paraiba"],"_links":{"self":[{"href":"https:\/\/www.caririemacao.com\/1\/wp-json\/wp\/v2\/posts\/320868","targetHints":{"allow":["GET"]}}],"collection":[{"href":"https:\/\/www.caririemacao.com\/1\/wp-json\/wp\/v2\/posts"}],"about":[{"href":"https:\/\/www.caririemacao.com\/1\/wp-json\/wp\/v2\/types\/post"}],"replies":[{"embeddable":true,"href":"https:\/\/www.caririemacao.com\/1\/wp-json\/wp\/v2\/comments?post=320868"}],"version-history":[{"count":1,"href":"https:\/\/www.caririemacao.com\/1\/wp-json\/wp\/v2\/posts\/320868\/revisions"}],"predecessor-version":[{"id":320870,"href":"https:\/\/www.caririemacao.com\/1\/wp-json\/wp\/v2\/posts\/320868\/revisions\/320870"}],"wp:featuredmedia":[{"embeddable":true,"href":"https:\/\/www.caririemacao.com\/1\/wp-json\/wp\/v2\/media\/320869"}],"wp:attachment":[{"href":"https:\/\/www.caririemacao.com\/1\/wp-json\/wp\/v2\/media?parent=320868"}],"wp:term":[{"taxonomy":"category","embeddable":true,"href":"https:\/\/www.caririemacao.com\/1\/wp-json\/wp\/v2\/categories?post=320868"},{"taxonomy":"post_tag","embeddable":true,"href":"https:\/\/www.caririemacao.com\/1\/wp-json\/wp\/v2\/tags?post=320868"}],"curies":[{"name":"wp","href":"https:\/\/api.w.org\/{rel}","templated":true}]}}