{"id":320877,"date":"2026-08-29T10:16:15","date_gmt":"2026-08-29T13:16:15","guid":{"rendered":"https:\/\/www.caririemacao.com\/1\/?p=320877"},"modified":"2026-08-29T10:16:15","modified_gmt":"2026-08-29T13:16:15","slug":"tres-segmentos-de-praias-na-paraiba-classificados-como-improprios-para-banho-nesta-semana","status":"publish","type":"post","link":"https:\/\/www.caririemacao.com\/1\/2026\/08\/29\/tres-segmentos-de-praias-na-paraiba-classificados-como-improprios-para-banho-nesta-semana\/","title":{"rendered":"Tr\u00eas segmentos de praias na Para\u00edba classificados como impr\u00f3prios para banho nesta semana"},"content":{"rendered":"<p>A regi\u00e3o litor\u00e2nea da Para\u00edba possui agora tr\u00eas trechos de praias considerados inadequados para banho durante este final de semana. A medida foi anunciada pela Superintend\u00eancia de Administra\u00e7\u00e3o do Meio Ambiente (Sudema), que implementou a proibi\u00e7\u00e3o de banho nessas \u00e1reas.<\/p>\n<p>Para avaliar a qualidade da \u00e1gua nas praias, a Sudema realiza coletas de amostras e analisa os par\u00e2metros ambientais. Os resultados dos testes revelam a presen\u00e7a de poluentes, incluindo esgoto dom\u00e9stico, subst\u00e2ncias que representam risco \u00e0 sa\u00fade p\u00fablica.<\/p>\n<p>A ingest\u00e3o de \u00e1gua marinha contaminada pode provocar diversos sintomas, como enjoo, v\u00f4mitos, dores abdominais, diarreia, cefaleia e febre. Casos mais graves envolvendo exposi\u00e7\u00e3o a ambientes polu\u00eddos podem levar a infec\u00e7\u00f5es oculares, auriculares, nasais e faringeais, al\u00e9m de doen\u00e7as como disenteria, hepatite A, c\u00f3lera e febre tifoide.<\/p>\n<p>Os locais afetados foram detalhados abaixo:<\/p>\n<p><strong>Jo\u00e3o Pessoa<\/strong><\/p>\n<ul>\n<li>Penha \u2013 localizada na Rua Vereador M\u00e1rio Torres de Andrade.<\/li>\n<\/ul>\n<p><strong>Pitimbu<\/strong><\/p>\n<ul>\n<li>Macei\u00f3 \u2013 Avenida Beira Mar;<\/li>\n<li>Guarita \u2013 Avenida Beira Mar.<\/li>\n<\/ul>\n<p>Informa\u00e7\u00f5es adicionais sobre os trechos problem\u00e1ticos est\u00e3o dispon\u00edveis pelo link abaixo: <a href=\"https:\/\/whatsapp.com\/channel\/0029VaM11seEFeXpuU94Sz2i\" target=\"_blank\" rel=\"noopener\"><\/a><\/p>\n<p><em>Fonte: Portal Correio<\/em><\/p>\n","protected":false},"excerpt":{"rendered":"<p>O Litoral da Para\u00edba tem tr\u00eas trechos de praias impr\u00f3prios para banho neste fim de semana. A proibi\u00e7\u00e3o de banho foi divulgada pela Superintend\u00eancia de Administra\u00e7\u00e3o do Meio Ambiente (Sudema). Para classificar a qualidade das praias, a Sudema colhe amostras e examina a qualidade da \u00e1gua. Nos testes, s\u00e3o identificadas presen\u00e7as de poluentes, como esgoto [\u2026]<\/p>\n","protected":false},"author":0,"featured_media":320878,"comment_status":"closed","ping_status":"closed","sticky":false,"template":"","format":"standard","meta":{"sfsi_plus_gutenberg_text_before_share":"","sfsi_plus_gutenberg_show_text_before_share":"","sfsi_plus_gutenberg_icon_type":"","sfsi_plus_gutenberg_icon_alignemt":"","sfsi_plus_gutenburg_max_per_row":"","footnotes":""},"categories":[104],"tags":[],"class_list":["post-320877","post","type-post","status-publish","format-standard","has-post-thumbnail","hentry","category-paraiba"],"_links":{"self":[{"href":"https:\/\/www.caririemacao.com\/1\/wp-json\/wp\/v2\/posts\/320877","targetHints":{"allow":["GET"]}}],"collection":[{"href":"https:\/\/www.caririemacao.com\/1\/wp-json\/wp\/v2\/posts"}],"about":[{"href":"https:\/\/www.caririemacao.com\/1\/wp-json\/wp\/v2\/types\/post"}],"replies":[{"embeddable":true,"href":"https:\/\/www.caririemacao.com\/1\/wp-json\/wp\/v2\/comments?post=320877"}],"version-history":[{"count":1,"href":"https:\/\/www.caririemacao.com\/1\/wp-json\/wp\/v2\/posts\/320877\/revisions"}],"predecessor-version":[{"id":320879,"href":"https:\/\/www.caririemacao.com\/1\/wp-json\/wp\/v2\/posts\/320877\/revisions\/320879"}],"wp:featuredmedia":[{"embeddable":true,"href":"https:\/\/www.caririemacao.com\/1\/wp-json\/wp\/v2\/media\/320878"}],"wp:attachment":[{"href":"https:\/\/www.caririemacao.com\/1\/wp-json\/wp\/v2\/media?parent=320877"}],"wp:term":[{"taxonomy":"category","embeddable":true,"href":"https:\/\/www.caririemacao.com\/1\/wp-json\/wp\/v2\/categories?post=320877"},{"taxonomy":"post_tag","embeddable":true,"href":"https:\/\/www.caririemacao.com\/1\/wp-json\/wp\/v2\/tags?post=320877"}],"curies":[{"name":"wp","href":"https:\/\/api.w.org\/{rel}","templated":true}]}}