{"id":320880,"date":"2026-08-29T10:36:02","date_gmt":"2026-08-29T13:36:02","guid":{"rendered":"https:\/\/www.caririemacao.com\/1\/?p=320880"},"modified":"2026-08-29T10:36:02","modified_gmt":"2026-08-29T13:36:02","slug":"empreendedora-de-congo-conquista-1o-lugar-na-paraiba-no-premio-sebrae-mulher-de-negocios-2026","status":"publish","type":"post","link":"https:\/\/www.caririemacao.com\/1\/2026\/08\/29\/empreendedora-de-congo-conquista-1o-lugar-na-paraiba-no-premio-sebrae-mulher-de-negocios-2026\/","title":{"rendered":"Empreendedora de Congo conquista 1\u00ba lugar na Para\u00edba no Pr\u00eamio Sebrae Mulher de Neg\u00f3cios 2026"},"content":{"rendered":"<p class=\"isSelectedEnd\">A for\u00e7a do empreendedorismo feminino do Cariri paraibano ganhou destaque em n\u00edvel estadual. A consultora de imagem e estilo e CEO da Florenttina Acess\u00f3rios, Clarice Pereira, natural de Congo, conquistou o 1\u00ba lugar na Para\u00edba, na categoria Microempreendedora Individual (MEI), do Pr\u00eamio Sebrae Mulher de Neg\u00f3cios 2026.<\/p>\n<p class=\"isSelectedEnd\">A conquista coloca em evid\u00eancia uma trajet\u00f3ria constru\u00edda com dedica\u00e7\u00e3o, criatividade e prop\u00f3sito, al\u00e9m de levar o nome do munic\u00edpio de Congo e do Cariri paraibano para todo o estado.<\/p>\n<p class=\"isSelectedEnd\">\u00c0 frente da Florenttina Acess\u00f3rios, Clarice vem consolidando seu espa\u00e7o no empreendedorismo ao unir moda, identidade, estilo e valoriza\u00e7\u00e3o da autoestima feminina. Paralelamente \u00e0 atua\u00e7\u00e3o empresarial, desenvolve seu trabalho como consultora de imagem e estilo, ajudando mulheres a compreenderem a pr\u00f3pria identidade e utilizarem a imagem pessoal como ferramenta de express\u00e3o, confian\u00e7a e valoriza\u00e7\u00e3o.<\/p>\n<p class=\"isSelectedEnd\">O reconhecimento no Pr\u00eamio Sebrae Mulher de Neg\u00f3cios representa um importante cap\u00edtulo dessa trajet\u00f3ria. A iniciativa destaca mulheres que transformam ideias em neg\u00f3cios, superam desafios e contribuem para o desenvolvimento econ\u00f4mico e social das comunidades onde est\u00e3o inseridas.<\/p>\n<p class=\"isSelectedEnd\">Entre os aspectos considerados na premia\u00e7\u00e3o est\u00e3o a trajet\u00f3ria empreendedora, inova\u00e7\u00e3o, sustentabilidade, gest\u00e3o financeira, gera\u00e7\u00e3o de oportunidades e impacto socioecon\u00f4mico do neg\u00f3cio.<\/p>\n<h2>Uma trajet\u00f3ria constru\u00edda com prop\u00f3sito<\/h2>\n<p class=\"isSelectedEnd\">Na Florenttina Acess\u00f3rios, Clarice encontrou uma maneira de transformar sua paix\u00e3o pela moda e pelo estilo em empreendimento. A marca nasceu e cresceu conectada ao prop\u00f3sito de valorizar a identidade feminina, mostrando que acess\u00f3rios e imagem pessoal podem representar muito mais do que tend\u00eancias.<\/p>\n<p class=\"isSelectedEnd\">Essa mesma vis\u00e3o orienta seu trabalho como consultora de imagem e estilo. Para Clarice, vestir-se bem est\u00e1 diretamente relacionado ao autoconhecimento e \u00e0 capacidade de comunicar, atrav\u00e9s da imagem, a personalidade e a ess\u00eancia de cada pessoa.<\/p>\n<p class=\"isSelectedEnd\">A conquista do primeiro lugar estadual refor\u00e7a ainda a presen\u00e7a das mulheres do interior paraibano no cen\u00e1rio empreendedor. Partindo de Congo, no Cariri, Clarice demonstra que neg\u00f3cios constru\u00eddos em pequenos munic\u00edpios tamb\u00e9m podem ganhar proje\u00e7\u00e3o e reconhecimento em todo o estado.<\/p>\n<p>O resultado \u00e9 motivo de orgulho para Congo e para o Cariri paraibano e evidencia a for\u00e7a de mulheres que empreendem, inovam e transformam suas realidades atrav\u00e9s dos pr\u00f3prios neg\u00f3cios.<\/p>\n<p><strong>CARIRI EM A\u00c7\u00c3O<\/strong><\/p>\n","protected":false},"excerpt":{"rendered":"<p>A for\u00e7a do empreendedorismo feminino do Cariri paraibano ganhou destaque em n\u00edvel estadual. A consultora de imagem e estilo e CEO da Florenttina Acess\u00f3rios, Clarice Pereira, natural de Congo, conquistou o 1\u00ba lugar na Para\u00edba, na categoria Microempreendedora Individual (MEI), do Pr\u00eamio Sebrae Mulher de Neg\u00f3cios 2026. A conquista coloca em evid\u00eancia uma trajet\u00f3ria constru\u00edda com dedica\u00e7\u00e3o, criatividade e prop\u00f3sito, al\u00e9m de levar o nome do munic\u00edpio de Congo e do Cariri paraibano para todo o estado. \u00c0 frente da Florenttina Acess\u00f3rios, Clarice vem consolidando seu espa\u00e7o no empreendedorismo ao unir moda, identidade, estilo e valoriza\u00e7\u00e3o da autoestima feminina. Paralelamente \u00e0 atua\u00e7\u00e3o empresarial, desenvolve seu trabalho como consultora de imagem e estilo, ajudando mulheres a compreenderem a pr\u00f3pria identidade e utilizarem a imagem pessoal como ferramenta de express\u00e3o, confian\u00e7a e valoriza\u00e7\u00e3o. O reconhecimento no Pr\u00eamio Sebrae Mulher de Neg\u00f3cios representa um importante cap\u00edtulo dessa trajet\u00f3ria. A iniciativa destaca mulheres que transformam ideias em neg\u00f3cios, superam desafios e contribuem para o desenvolvimento econ\u00f4mico e social das comunidades onde est\u00e3o inseridas. Entre os aspectos considerados na premia\u00e7\u00e3o est\u00e3o a trajet\u00f3ria empreendedora, inova\u00e7\u00e3o, sustentabilidade, gest\u00e3o financeira, gera\u00e7\u00e3o de oportunidades e impacto socioecon\u00f4mico do neg\u00f3cio. Uma trajet\u00f3ria constru\u00edda com prop\u00f3sito Na Florenttina Acess\u00f3rios, Clarice encontrou uma maneira de transformar sua paix\u00e3o pela moda e pelo estilo em empreendimento. A marca nasceu e cresceu conectada ao prop\u00f3sito de valorizar a identidade feminina, mostrando que acess\u00f3rios e imagem pessoal podem representar muito mais do que tend\u00eancias. Essa mesma vis\u00e3o orienta seu trabalho como consultora de imagem e estilo. Para Clarice, vestir-se bem est\u00e1 diretamente relacionado ao autoconhecimento e \u00e0 capacidade de comunicar, atrav\u00e9s da imagem, a personalidade e a ess\u00eancia de cada pessoa. A conquista do primeiro lugar estadual refor\u00e7a ainda a presen\u00e7a das mulheres do interior paraibano no cen\u00e1rio empreendedor. Partindo de Congo, no Cariri, Clarice demonstra que neg\u00f3cios constru\u00eddos em pequenos munic\u00edpios tamb\u00e9m podem ganhar proje\u00e7\u00e3o e reconhecimento em todo o estado. O resultado \u00e9 motivo de orgulho para Congo e para o Cariri paraibano e evidencia a for\u00e7a de mulheres que empreendem, inovam e transformam suas realidades atrav\u00e9s dos pr\u00f3prios neg\u00f3cios. CARIRI EM A\u00c7\u00c3O<\/p>\n","protected":false},"author":6,"featured_media":320881,"comment_status":"closed","ping_status":"closed","sticky":false,"template":"","format":"standard","meta":{"sfsi_plus_gutenberg_text_before_share":"","sfsi_plus_gutenberg_show_text_before_share":"","sfsi_plus_gutenberg_icon_type":"","sfsi_plus_gutenberg_icon_alignemt":"","sfsi_plus_gutenburg_max_per_row":"","footnotes":""},"categories":[6],"tags":[],"class_list":["post-320880","post","type-post","status-publish","format-standard","has-post-thumbnail","hentry","category-cidades"],"_links":{"self":[{"href":"https:\/\/www.caririemacao.com\/1\/wp-json\/wp\/v2\/posts\/320880","targetHints":{"allow":["GET"]}}],"collection":[{"href":"https:\/\/www.caririemacao.com\/1\/wp-json\/wp\/v2\/posts"}],"about":[{"href":"https:\/\/www.caririemacao.com\/1\/wp-json\/wp\/v2\/types\/post"}],"author":[{"embeddable":true,"href":"https:\/\/www.caririemacao.com\/1\/wp-json\/wp\/v2\/users\/6"}],"replies":[{"embeddable":true,"href":"https:\/\/www.caririemacao.com\/1\/wp-json\/wp\/v2\/comments?post=320880"}],"version-history":[{"count":1,"href":"https:\/\/www.caririemacao.com\/1\/wp-json\/wp\/v2\/posts\/320880\/revisions"}],"predecessor-version":[{"id":320882,"href":"https:\/\/www.caririemacao.com\/1\/wp-json\/wp\/v2\/posts\/320880\/revisions\/320882"}],"wp:featuredmedia":[{"embeddable":true,"href":"https:\/\/www.caririemacao.com\/1\/wp-json\/wp\/v2\/media\/320881"}],"wp:attachment":[{"href":"https:\/\/www.caririemacao.com\/1\/wp-json\/wp\/v2\/media?parent=320880"}],"wp:term":[{"taxonomy":"category","embeddable":true,"href":"https:\/\/www.caririemacao.com\/1\/wp-json\/wp\/v2\/categories?post=320880"},{"taxonomy":"post_tag","embeddable":true,"href":"https:\/\/www.caririemacao.com\/1\/wp-json\/wp\/v2\/tags?post=320880"}],"curies":[{"name":"wp","href":"https:\/\/api.w.org\/{rel}","templated":true}]}}