{"id":320884,"date":"2026-08-29T10:48:14","date_gmt":"2026-08-29T13:48:14","guid":{"rendered":"https:\/\/www.caririemacao.com\/1\/?p=320884"},"modified":"2026-08-29T10:48:14","modified_gmt":"2026-08-29T13:48:14","slug":"policia-militar-prende-homem-com-drogas-em-monteiro","status":"publish","type":"post","link":"https:\/\/www.caririemacao.com\/1\/2026\/08\/29\/policia-militar-prende-homem-com-drogas-em-monteiro\/","title":{"rendered":"Pol\u00edcia Militar prende homem com drogas em Monteiro"},"content":{"rendered":"<p class=\"wp-block-paragraph\">Nesta sexta-feira, 28 de agosto, policiais militares do 11\u00ba Batalh\u00e3o de Pol\u00edcia Militar da Para\u00edba conduziram \u00e0 delegacia um homem com uma quantidade de subst\u00e2ncia semelhante a maconha durante rondas ostensivas no munic\u00edpio de Monteiro, no Cariri paraibano.<\/p>\n<p class=\"wp-block-paragraph\">Durante o patrulhamento, os policiais da For\u00e7a T\u00e1tica realizaram abordagens e, ao procederem \u00e0 fiscaliza\u00e7\u00e3o de um ve\u00edculo, abordaram o condutor.<\/p>\n<p class=\"wp-block-paragraph\">-Durante a busca pessoal, foram encontradas com ele por\u00e7\u00f5es dessa subst\u00e2ncia an\u00e1loga \u00e0 maconha.<\/p>\n<p class=\"wp-block-paragraph\">Diante dos fatos, o homem recebeu voz de pris\u00e3o e foi conduzido, juntamente com o material apreendido, \u00e0 Delegacia de Pol\u00edcia Civil para os procedimentos cab\u00edveis.<\/p>\n","protected":false},"excerpt":{"rendered":"<p>Nesta sexta-feira, 28 de agosto, policiais militares do 11\u00ba Batalh\u00e3o de Pol\u00edcia Militar da Para\u00edba conduziram \u00e0 delegacia um homem com uma quantidade de subst\u00e2ncia semelhante a maconha durante rondas ostensivas no munic\u00edpio de Monteiro, no Cariri paraibano. Durante o patrulhamento, os policiais da For\u00e7a T\u00e1tica realizaram abordagens e, ao procederem \u00e0 fiscaliza\u00e7\u00e3o de um ve\u00edculo, abordaram o condutor. -Durante a busca pessoal, foram encontradas com ele por\u00e7\u00f5es dessa subst\u00e2ncia an\u00e1loga \u00e0 maconha. Diante dos fatos, o homem recebeu voz de pris\u00e3o e foi conduzido, juntamente com o material apreendido, \u00e0 Delegacia de Pol\u00edcia Civil para os procedimentos cab\u00edveis.<\/p>\n","protected":false},"author":6,"featured_media":320885,"comment_status":"closed","ping_status":"closed","sticky":false,"template":"","format":"standard","meta":{"sfsi_plus_gutenberg_text_before_share":"","sfsi_plus_gutenberg_show_text_before_share":"","sfsi_plus_gutenberg_icon_type":"","sfsi_plus_gutenberg_icon_alignemt":"","sfsi_plus_gutenburg_max_per_row":"","footnotes":""},"categories":[106],"tags":[],"class_list":["post-320884","post","type-post","status-publish","format-standard","has-post-thumbnail","hentry","category-cariri"],"_links":{"self":[{"href":"https:\/\/www.caririemacao.com\/1\/wp-json\/wp\/v2\/posts\/320884","targetHints":{"allow":["GET"]}}],"collection":[{"href":"https:\/\/www.caririemacao.com\/1\/wp-json\/wp\/v2\/posts"}],"about":[{"href":"https:\/\/www.caririemacao.com\/1\/wp-json\/wp\/v2\/types\/post"}],"author":[{"embeddable":true,"href":"https:\/\/www.caririemacao.com\/1\/wp-json\/wp\/v2\/users\/6"}],"replies":[{"embeddable":true,"href":"https:\/\/www.caririemacao.com\/1\/wp-json\/wp\/v2\/comments?post=320884"}],"version-history":[{"count":1,"href":"https:\/\/www.caririemacao.com\/1\/wp-json\/wp\/v2\/posts\/320884\/revisions"}],"predecessor-version":[{"id":320886,"href":"https:\/\/www.caririemacao.com\/1\/wp-json\/wp\/v2\/posts\/320884\/revisions\/320886"}],"wp:featuredmedia":[{"embeddable":true,"href":"https:\/\/www.caririemacao.com\/1\/wp-json\/wp\/v2\/media\/320885"}],"wp:attachment":[{"href":"https:\/\/www.caririemacao.com\/1\/wp-json\/wp\/v2\/media?parent=320884"}],"wp:term":[{"taxonomy":"category","embeddable":true,"href":"https:\/\/www.caririemacao.com\/1\/wp-json\/wp\/v2\/categories?post=320884"},{"taxonomy":"post_tag","embeddable":true,"href":"https:\/\/www.caririemacao.com\/1\/wp-json\/wp\/v2\/tags?post=320884"}],"curies":[{"name":"wp","href":"https:\/\/api.w.org\/{rel}","templated":true}]}}