{"id":320887,"date":"2026-08-29T11:12:47","date_gmt":"2026-08-29T14:12:47","guid":{"rendered":"https:\/\/www.caririemacao.com\/1\/?p=320887"},"modified":"2026-08-29T11:12:47","modified_gmt":"2026-08-29T14:12:47","slug":"composicao-de-dois-artistas-de-monteiro-entra-na-trilha-sonora-de-nova-novela-das-seis-da-globo","status":"publish","type":"post","link":"https:\/\/www.caririemacao.com\/1\/2026\/08\/29\/composicao-de-dois-artistas-de-monteiro-entra-na-trilha-sonora-de-nova-novela-das-seis-da-globo\/","title":{"rendered":"Composi\u00e7\u00e3o de dois artistas de Monteiro entra na trilha sonora de nova novela das seis da Globo"},"content":{"rendered":"<p class=\"wp-block-paragraph\">A m\u00fasica nordestina de Monteiro, no Cariri paraibano, ganhar\u00e1 destaque nacional na televis\u00e3o. A composi\u00e7\u00e3o \u201cSeu Olhar N\u00e3o Mente\u201d, de autoria dos monteirenses Ilmar Cavalcanti e Nanado Alves, far\u00e1 parte da trilha sonora da nova novela das seis da TV Globo, \u201cA Nobreza do Amor\u201d, que j\u00e1 est\u00e1 no ar.<\/p>\n<p class=\"wp-block-paragraph\">A can\u00e7\u00e3o ser\u00e1 interpretada pelo cantor e sanfoneiro Mestrinho, natural de Sergipe, levando para a produ\u00e7\u00e3o televisiva a for\u00e7a, a poesia e a sonoridade caracter\u00edstica da m\u00fasica nordestina.<\/p>\n<p class=\"wp-block-paragraph\">Com uma trajet\u00f3ria consolidada, \u201cSeu Olhar N\u00e3o Mente\u201d j\u00e1 recebeu interpreta\u00e7\u00f5es de grandes nomes da m\u00fasica brasileira, entre eles Elba Ramalho e Fl\u00e1vio Jos\u00e9, al\u00e9m de outros importantes artistas ligados \u00e0 m\u00fasica nordestina.<\/p>\n<p class=\"wp-block-paragraph\">A Editora Lumiart j\u00e1 foi comunicada sobre a utiliza\u00e7\u00e3o da obra, assim como os compositores. A expectativa \u00e9 de que a m\u00fasica seja exibida nos pr\u00f3ximos dias durante a novela, alcan\u00e7ando milh\u00f5es de telespectadores em todo o pa\u00eds.<\/p>\n<p class=\"wp-block-paragraph\">A presen\u00e7a da composi\u00e7\u00e3o em uma produ\u00e7\u00e3o da Globo representa mais um cap\u00edtulo importante na hist\u00f3ria de \u201cSeu Olhar N\u00e3o Mente\u201d e de seus autores. Nascida no Cariri paraibano e interpretada ao longo dos anos por diferentes artistas, a obra agora chega a um dos maiores espa\u00e7os de divulga\u00e7\u00e3o da televis\u00e3o brasileira na voz de Mestrinho.<\/p>\n<p class=\"wp-block-paragraph\">A participa\u00e7\u00e3o do artista sergipano tamb\u00e9m refor\u00e7a a identidade regional da composi\u00e7\u00e3o: dois paraibanos na autoria e um sergipano na interpreta\u00e7\u00e3o, unindo diferentes refer\u00eancias do Nordeste para levar a m\u00fasica da regi\u00e3o \u00e0 televis\u00e3o nacional.<\/p>\n<p class=\"wp-block-paragraph\">Para Monteiro e todo o Cariri paraibano, a chegada de \u201cSeu Olhar N\u00e3o Mente\u201d \u00e0 trilha sonora da novela representa uma importante vitrine para a produ\u00e7\u00e3o musical regional e evidencia a for\u00e7a dos compositores da regi\u00e3o, que seguem contribuindo para a preserva\u00e7\u00e3o e a renova\u00e7\u00e3o da m\u00fasica nordestina.<\/p>\n<p class=\"wp-block-paragraph\"><b>CARIRI EM A\u00c7\u00c3O<\/b><\/p>\n<p class=\"wp-block-paragraph\"><em>Com informa\u00e7\u00f5es de Bruno Lira<\/em><\/p>\n","protected":false},"excerpt":{"rendered":"<p>A m\u00fasica nordestina de Monteiro, no Cariri paraibano, ganhar\u00e1 destaque nacional na televis\u00e3o. A composi\u00e7\u00e3o \u201cSeu Olhar N\u00e3o Mente\u201d, de autoria dos monteirenses Ilmar Cavalcanti e Nanado Alves, far\u00e1 parte da trilha sonora da nova novela das seis da TV Globo, \u201cA Nobreza do Amor\u201d, que j\u00e1 est\u00e1 no ar. A can\u00e7\u00e3o ser\u00e1 interpretada pelo cantor e sanfoneiro Mestrinho, natural de Sergipe, levando para a produ\u00e7\u00e3o televisiva a for\u00e7a, a poesia e a sonoridade caracter\u00edstica da m\u00fasica nordestina. Com uma trajet\u00f3ria consolidada, \u201cSeu Olhar N\u00e3o Mente\u201d j\u00e1 recebeu interpreta\u00e7\u00f5es de grandes nomes da m\u00fasica brasileira, entre eles Elba Ramalho e Fl\u00e1vio Jos\u00e9, al\u00e9m de outros importantes artistas ligados \u00e0 m\u00fasica nordestina. A Editora Lumiart j\u00e1 foi comunicada sobre a utiliza\u00e7\u00e3o da obra, assim como os compositores. A expectativa \u00e9 de que a m\u00fasica seja exibida nos pr\u00f3ximos dias durante a novela, alcan\u00e7ando milh\u00f5es de telespectadores em todo o pa\u00eds. A presen\u00e7a da composi\u00e7\u00e3o em uma produ\u00e7\u00e3o da Globo representa mais um cap\u00edtulo importante na hist\u00f3ria de \u201cSeu Olhar N\u00e3o Mente\u201d e de seus autores. Nascida no Cariri paraibano e interpretada ao longo dos anos por diferentes artistas, a obra agora chega a um dos maiores espa\u00e7os de divulga\u00e7\u00e3o da televis\u00e3o brasileira na voz de Mestrinho. A participa\u00e7\u00e3o do artista sergipano tamb\u00e9m refor\u00e7a a identidade regional da composi\u00e7\u00e3o: dois paraibanos na autoria e um sergipano na interpreta\u00e7\u00e3o, unindo diferentes refer\u00eancias do Nordeste para levar a m\u00fasica da regi\u00e3o \u00e0 televis\u00e3o nacional. Para Monteiro e todo o Cariri paraibano, a chegada de \u201cSeu Olhar N\u00e3o Mente\u201d \u00e0 trilha sonora da novela representa uma importante vitrine para a produ\u00e7\u00e3o musical regional e evidencia a for\u00e7a dos compositores da regi\u00e3o, que seguem contribuindo para a preserva\u00e7\u00e3o e a renova\u00e7\u00e3o da m\u00fasica nordestina. CARIRI EM A\u00c7\u00c3O Com informa\u00e7\u00f5es de Bruno Lira<\/p>\n","protected":false},"author":6,"featured_media":320888,"comment_status":"closed","ping_status":"closed","sticky":false,"template":"","format":"standard","meta":{"sfsi_plus_gutenberg_text_before_share":"","sfsi_plus_gutenberg_show_text_before_share":"","sfsi_plus_gutenberg_icon_type":"","sfsi_plus_gutenberg_icon_alignemt":"","sfsi_plus_gutenburg_max_per_row":"","footnotes":""},"categories":[106],"tags":[],"class_list":["post-320887","post","type-post","status-publish","format-standard","has-post-thumbnail","hentry","category-cariri"],"_links":{"self":[{"href":"https:\/\/www.caririemacao.com\/1\/wp-json\/wp\/v2\/posts\/320887","targetHints":{"allow":["GET"]}}],"collection":[{"href":"https:\/\/www.caririemacao.com\/1\/wp-json\/wp\/v2\/posts"}],"about":[{"href":"https:\/\/www.caririemacao.com\/1\/wp-json\/wp\/v2\/types\/post"}],"author":[{"embeddable":true,"href":"https:\/\/www.caririemacao.com\/1\/wp-json\/wp\/v2\/users\/6"}],"replies":[{"embeddable":true,"href":"https:\/\/www.caririemacao.com\/1\/wp-json\/wp\/v2\/comments?post=320887"}],"version-history":[{"count":1,"href":"https:\/\/www.caririemacao.com\/1\/wp-json\/wp\/v2\/posts\/320887\/revisions"}],"predecessor-version":[{"id":320889,"href":"https:\/\/www.caririemacao.com\/1\/wp-json\/wp\/v2\/posts\/320887\/revisions\/320889"}],"wp:featuredmedia":[{"embeddable":true,"href":"https:\/\/www.caririemacao.com\/1\/wp-json\/wp\/v2\/media\/320888"}],"wp:attachment":[{"href":"https:\/\/www.caririemacao.com\/1\/wp-json\/wp\/v2\/media?parent=320887"}],"wp:term":[{"taxonomy":"category","embeddable":true,"href":"https:\/\/www.caririemacao.com\/1\/wp-json\/wp\/v2\/categories?post=320887"},{"taxonomy":"post_tag","embeddable":true,"href":"https:\/\/www.caririemacao.com\/1\/wp-json\/wp\/v2\/tags?post=320887"}],"curies":[{"name":"wp","href":"https:\/\/api.w.org\/{rel}","templated":true}]}}