{"id":320897,"date":"2026-08-29T11:41:47","date_gmt":"2026-08-29T14:41:47","guid":{"rendered":"https:\/\/www.caririemacao.com\/1\/?p=320897"},"modified":"2026-08-29T13:44:24","modified_gmt":"2026-08-29T16:44:24","slug":"galicia-encerra-noite-da-expoprata-mano-walter-e-atracao-deste-sabado","status":"publish","type":"post","link":"https:\/\/www.caririemacao.com\/1\/2026\/08\/29\/galicia-encerra-noite-da-expoprata-mano-walter-e-atracao-deste-sabado\/","title":{"rendered":"Gal\u00edcia encerra noite da ExpoPrata; Mano Walter \u00e9 atra\u00e7\u00e3o deste s\u00e1bado"},"content":{"rendered":"<p>A XII ExpoPrata 2026 viveu mais uma noite de muita m\u00fasica nesta sexta-feira (28), em Prata, no Cariri paraibano. A cantora Gal\u00edcia encerrou a programa\u00e7\u00e3o no palco principal cantando seus maiores sucessos e animando o p\u00fablico presente no evento.<\/p>\n<p>A programa\u00e7\u00e3o musical come\u00e7ou ainda durante a tarde, com Felipe dos Teclados, no Terreiro do Forr\u00f3. \u00c0 noite, o palco principal recebeu Novo Som Mix, seguido pela banda Mexe Ville. J\u00e1 na madrugada, Gal\u00edcia fechou a sequ\u00eancia de apresenta\u00e7\u00f5es da sexta-feira.<\/p>\n<p><img fetchpriority=\"high\" decoding=\"async\" class=\" wp-image-320899 aligncenter\" src=\"https:\/\/www.caririemacao.com\/1\/wp-content\/uploads\/2026\/08\/2694be40-12a9-48ce-a2e7-556c9e988910-300x140.jpg\" alt=\"\" width=\"597\" height=\"279\" srcset=\"https:\/\/www.caririemacao.com\/1\/wp-content\/uploads\/2026\/08\/2694be40-12a9-48ce-a2e7-556c9e988910-300x140.jpg 300w, https:\/\/www.caririemacao.com\/1\/wp-content\/uploads\/2026\/08\/2694be40-12a9-48ce-a2e7-556c9e988910-768x358.jpg 768w, https:\/\/www.caririemacao.com\/1\/wp-content\/uploads\/2026\/08\/2694be40-12a9-48ce-a2e7-556c9e988910.jpg 1280w\" sizes=\"(max-width: 597px) 100vw, 597px\" \/><\/p>\n<p>Neste s\u00e1bado (29), a ExpoPrata segue com uma intensa programa\u00e7\u00e3o durante todo o dia, reunindo criadores, produtores, expositores e visitantes. Al\u00e9m das atividades ligadas \u00e0 exposi\u00e7\u00e3o e ao agroneg\u00f3cio, os shows tamb\u00e9m continuam movimentando o munic\u00edpio.<\/p>\n<p>\u00c0 noite, todas as aten\u00e7\u00f5es estar\u00e3o voltadas para uma das grandes atra\u00e7\u00f5es desta edi\u00e7\u00e3o: Mano Walter. O cantor promete reunir um grande p\u00fablico e transformar a noite deste s\u00e1bado em mais um dos momentos marcantes da ExpoPrata 2026.<\/p>\n<p>Realizada pela Prefeitura Municipal de Prata, a ExpoPrata movimenta a economia, fortalece a agropecu\u00e1ria e tamb\u00e9m se consolida como um dos grandes eventos culturais e festivos do Cariri paraibano.<\/p>\n<p>Cariri em A\u00e7\u00e3o \u2014 integrando toda a regi\u00e3o.<\/p>\n","protected":false},"excerpt":{"rendered":"<p>A XII ExpoPrata 2026 viveu mais uma noite de muita m\u00fasica nesta sexta-feira (28), em Prata, no Cariri paraibano. A cantora Gal\u00edcia encerrou a programa\u00e7\u00e3o no palco principal cantando seus maiores sucessos e animando o p\u00fablico presente no evento. A programa\u00e7\u00e3o musical come\u00e7ou ainda durante a tarde, com Felipe dos Teclados, no Terreiro do Forr\u00f3. \u00c0 noite, o palco principal recebeu Novo Som Mix, seguido pela banda Mexe Ville. J\u00e1 na madrugada, Gal\u00edcia fechou a sequ\u00eancia de apresenta\u00e7\u00f5es da sexta-feira. Neste s\u00e1bado (29), a ExpoPrata segue com uma intensa programa\u00e7\u00e3o durante todo o dia, reunindo criadores, produtores, expositores e visitantes. Al\u00e9m das atividades ligadas \u00e0 exposi\u00e7\u00e3o e ao agroneg\u00f3cio, os shows tamb\u00e9m continuam movimentando o munic\u00edpio. \u00c0 noite, todas as aten\u00e7\u00f5es estar\u00e3o voltadas para uma das grandes atra\u00e7\u00f5es desta edi\u00e7\u00e3o: Mano Walter. O cantor promete reunir um grande p\u00fablico e transformar a noite deste s\u00e1bado em mais um dos momentos marcantes da ExpoPrata 2026. Realizada pela Prefeitura Municipal de Prata, a ExpoPrata movimenta a economia, fortalece a agropecu\u00e1ria e tamb\u00e9m se consolida como um dos grandes eventos culturais e festivos do Cariri paraibano. Cariri em A\u00e7\u00e3o \u2014 integrando toda a regi\u00e3o.<\/p>\n","protected":false},"author":6,"featured_media":320898,"comment_status":"closed","ping_status":"closed","sticky":false,"template":"","format":"standard","meta":{"sfsi_plus_gutenberg_text_before_share":"","sfsi_plus_gutenberg_show_text_before_share":"","sfsi_plus_gutenberg_icon_type":"","sfsi_plus_gutenberg_icon_alignemt":"","sfsi_plus_gutenburg_max_per_row":"","footnotes":""},"categories":[106],"tags":[],"class_list":["post-320897","post","type-post","status-publish","format-standard","has-post-thumbnail","hentry","category-cariri"],"_links":{"self":[{"href":"https:\/\/www.caririemacao.com\/1\/wp-json\/wp\/v2\/posts\/320897","targetHints":{"allow":["GET"]}}],"collection":[{"href":"https:\/\/www.caririemacao.com\/1\/wp-json\/wp\/v2\/posts"}],"about":[{"href":"https:\/\/www.caririemacao.com\/1\/wp-json\/wp\/v2\/types\/post"}],"author":[{"embeddable":true,"href":"https:\/\/www.caririemacao.com\/1\/wp-json\/wp\/v2\/users\/6"}],"replies":[{"embeddable":true,"href":"https:\/\/www.caririemacao.com\/1\/wp-json\/wp\/v2\/comments?post=320897"}],"version-history":[{"count":1,"href":"https:\/\/www.caririemacao.com\/1\/wp-json\/wp\/v2\/posts\/320897\/revisions"}],"predecessor-version":[{"id":320900,"href":"https:\/\/www.caririemacao.com\/1\/wp-json\/wp\/v2\/posts\/320897\/revisions\/320900"}],"wp:featuredmedia":[{"embeddable":true,"href":"https:\/\/www.caririemacao.com\/1\/wp-json\/wp\/v2\/media\/320898"}],"wp:attachment":[{"href":"https:\/\/www.caririemacao.com\/1\/wp-json\/wp\/v2\/media?parent=320897"}],"wp:term":[{"taxonomy":"category","embeddable":true,"href":"https:\/\/www.caririemacao.com\/1\/wp-json\/wp\/v2\/categories?post=320897"},{"taxonomy":"post_tag","embeddable":true,"href":"https:\/\/www.caririemacao.com\/1\/wp-json\/wp\/v2\/tags?post=320897"}],"curies":[{"name":"wp","href":"https:\/\/api.w.org\/{rel}","templated":true}]}}