{"id":320901,"date":"2026-08-29T11:46:42","date_gmt":"2026-08-29T14:46:42","guid":{"rendered":"https:\/\/www.caririemacao.com\/1\/?p=320901"},"modified":"2026-08-29T13:44:33","modified_gmt":"2026-08-29T16:44:33","slug":"thaiane-torres-participa-de-painel-do-sebrae-em-joao-pessoa","status":"publish","type":"post","link":"https:\/\/www.caririemacao.com\/1\/2026\/08\/29\/thaiane-torres-participa-de-painel-do-sebrae-em-joao-pessoa\/","title":{"rendered":"Thaiane Torres participa de painel do Sebrae em Jo\u00e3o Pessoa"},"content":{"rendered":"<p>Aos 28 anos, a empreendedora e influenciadora digital Thaiane Torres viveu um momento marcante em sua trajet\u00f3ria ao participar, pela primeira vez, como painelista em um evento promovido pelo Sebrae, em Jo\u00e3o Pessoa.<\/p>\n<p>Thaiane integrou um painel formado por tr\u00eas convidados, al\u00e9m de uma mediadora respons\u00e1vel por conduzir a conversa. Durante sua participa\u00e7\u00e3o, ela compartilhou experi\u00eancias sobre sua trajet\u00f3ria, os desafios enfrentados e os aprendizados adquiridos ao longo de sua caminhada no empreendedorismo.<\/p>\n<p><img fetchpriority=\"high\" decoding=\"async\" class=\" wp-image-320904 aligncenter\" src=\"https:\/\/www.caririemacao.com\/1\/wp-content\/uploads\/2026\/08\/5a2486a0-4809-42fe-b4a8-5e133937b030-300x225.jpg\" alt=\"\" width=\"407\" height=\"305\" srcset=\"https:\/\/www.caririemacao.com\/1\/wp-content\/uploads\/2026\/08\/5a2486a0-4809-42fe-b4a8-5e133937b030-300x225.jpg 300w, https:\/\/www.caririemacao.com\/1\/wp-content\/uploads\/2026\/08\/5a2486a0-4809-42fe-b4a8-5e133937b030-768x576.jpg 768w, https:\/\/www.caririemacao.com\/1\/wp-content\/uploads\/2026\/08\/5a2486a0-4809-42fe-b4a8-5e133937b030.jpg 1280w\" sizes=\"(max-width: 407px) 100vw, 407px\" \/><\/p>\n<p>O convite do Sebrae representou uma nova experi\u00eancia para Thaiane, que teve a oportunidade de transformar viv\u00eancias pessoais e profissionais em inspira\u00e7\u00e3o para o p\u00fablico, mostrando como os desafios e conquistas tamb\u00e9m fazem parte do processo de quem decide empreender.<\/p>\n<p><img decoding=\"async\" class=\"size-medium wp-image-320905 aligncenter\" src=\"https:\/\/www.caririemacao.com\/1\/wp-content\/uploads\/2026\/08\/1b7a7f5b-da5c-4873-a916-cb869429d033-e1788014778281-300x205.jpg\" alt=\"\" width=\"300\" height=\"205\" srcset=\"https:\/\/www.caririemacao.com\/1\/wp-content\/uploads\/2026\/08\/1b7a7f5b-da5c-4873-a916-cb869429d033-e1788014778281-300x205.jpg 300w, https:\/\/www.caririemacao.com\/1\/wp-content\/uploads\/2026\/08\/1b7a7f5b-da5c-4873-a916-cb869429d033-e1788014778281-768x526.jpg 768w, https:\/\/www.caririemacao.com\/1\/wp-content\/uploads\/2026\/08\/1b7a7f5b-da5c-4873-a916-cb869429d033-e1788014778281.jpg 960w\" sizes=\"(max-width: 300px) 100vw, 300px\" \/><\/p>\n<p>A participa\u00e7\u00e3o marca mais um passo na trajet\u00f3ria da empreendedora e influenciadora, ampliando sua atua\u00e7\u00e3o para espa\u00e7os de troca de conhecimento e experi\u00eancias.<\/p>\n<p>Cariri em A\u00e7\u00e3o \u2014 integrando toda a regi\u00e3o.<\/p>\n","protected":false},"excerpt":{"rendered":"<p>Aos 28 anos, a empreendedora e influenciadora digital Thaiane Torres viveu um momento marcante em sua trajet\u00f3ria ao participar, pela primeira vez, como painelista em um evento promovido pelo Sebrae, em Jo\u00e3o Pessoa. Thaiane integrou um painel formado por tr\u00eas convidados, al\u00e9m de uma mediadora respons\u00e1vel por conduzir a conversa. Durante sua participa\u00e7\u00e3o, ela compartilhou experi\u00eancias sobre sua trajet\u00f3ria, os desafios enfrentados e os aprendizados adquiridos ao longo de sua caminhada no empreendedorismo. O convite do Sebrae representou uma nova experi\u00eancia para Thaiane, que teve a oportunidade de transformar viv\u00eancias pessoais e profissionais em inspira\u00e7\u00e3o para o p\u00fablico, mostrando como os desafios e conquistas tamb\u00e9m fazem parte do processo de quem decide empreender. A participa\u00e7\u00e3o marca mais um passo na trajet\u00f3ria da empreendedora e influenciadora, ampliando sua atua\u00e7\u00e3o para espa\u00e7os de troca de conhecimento e experi\u00eancias. Cariri em A\u00e7\u00e3o \u2014 integrando toda a regi\u00e3o.<\/p>\n","protected":false},"author":6,"featured_media":320903,"comment_status":"closed","ping_status":"closed","sticky":false,"template":"","format":"standard","meta":{"sfsi_plus_gutenberg_text_before_share":"","sfsi_plus_gutenberg_show_text_before_share":"","sfsi_plus_gutenberg_icon_type":"","sfsi_plus_gutenberg_icon_alignemt":"","sfsi_plus_gutenburg_max_per_row":"","footnotes":""},"categories":[6],"tags":[],"class_list":["post-320901","post","type-post","status-publish","format-standard","has-post-thumbnail","hentry","category-cidades"],"_links":{"self":[{"href":"https:\/\/www.caririemacao.com\/1\/wp-json\/wp\/v2\/posts\/320901","targetHints":{"allow":["GET"]}}],"collection":[{"href":"https:\/\/www.caririemacao.com\/1\/wp-json\/wp\/v2\/posts"}],"about":[{"href":"https:\/\/www.caririemacao.com\/1\/wp-json\/wp\/v2\/types\/post"}],"author":[{"embeddable":true,"href":"https:\/\/www.caririemacao.com\/1\/wp-json\/wp\/v2\/users\/6"}],"replies":[{"embeddable":true,"href":"https:\/\/www.caririemacao.com\/1\/wp-json\/wp\/v2\/comments?post=320901"}],"version-history":[{"count":1,"href":"https:\/\/www.caririemacao.com\/1\/wp-json\/wp\/v2\/posts\/320901\/revisions"}],"predecessor-version":[{"id":320906,"href":"https:\/\/www.caririemacao.com\/1\/wp-json\/wp\/v2\/posts\/320901\/revisions\/320906"}],"wp:featuredmedia":[{"embeddable":true,"href":"https:\/\/www.caririemacao.com\/1\/wp-json\/wp\/v2\/media\/320903"}],"wp:attachment":[{"href":"https:\/\/www.caririemacao.com\/1\/wp-json\/wp\/v2\/media?parent=320901"}],"wp:term":[{"taxonomy":"category","embeddable":true,"href":"https:\/\/www.caririemacao.com\/1\/wp-json\/wp\/v2\/categories?post=320901"},{"taxonomy":"post_tag","embeddable":true,"href":"https:\/\/www.caririemacao.com\/1\/wp-json\/wp\/v2\/tags?post=320901"}],"curies":[{"name":"wp","href":"https:\/\/api.w.org\/{rel}","templated":true}]}}