{"id":320916,"date":"2026-08-29T13:46:58","date_gmt":"2026-08-29T16:46:58","guid":{"rendered":"https:\/\/www.caririemacao.com\/1\/?p=320916"},"modified":"2026-08-29T13:47:22","modified_gmt":"2026-08-29T16:47:22","slug":"cariri-em-acao-acompanha-de-perto-concurso-que-reune-mais-de-36-mil-candidatos-no-piaui","status":"publish","type":"post","link":"https:\/\/www.caririemacao.com\/1\/2026\/08\/29\/cariri-em-acao-acompanha-de-perto-concurso-que-reune-mais-de-36-mil-candidatos-no-piaui\/","title":{"rendered":"Cariri em A\u00e7\u00e3o acompanha de perto concurso que re\u00fane mais de 36 mil candidatos no Piau\u00ed"},"content":{"rendered":"<p>O Cariri em A\u00e7\u00e3o est\u00e1 em Altos, no Piau\u00ed, acompanhando de perto a realiza\u00e7\u00e3o do concurso p\u00fablico do munic\u00edpio, organizado pelo Instituto IGEDUC. O certame oferece mais de 800 vagas em 54 cargos e tem expectativa de participa\u00e7\u00e3o de mais de 36 mil candidatos.<\/p>\n<p>As provas acontecem na tarde deste s\u00e1bado e seguem no domingo, nos turnos da manh\u00e3 e da tarde. A opera\u00e7\u00e3o mobiliza mais de 60 escolas em Altos e Teresina, diante da grande quantidade de inscritos.<\/p>\n<p>O Instituto IGEDUC j\u00e1 atua em 12 estados brasileiros, utilizando em seus certames mecanismos de organiza\u00e7\u00e3o, controle e tecnologia de seguran\u00e7a desenvolvidos a partir de sua experi\u00eancia em Pernambuco.<\/p>\n<p>Diretamente de Altos, a equipe do Cariri em A\u00e7\u00e3o acompanha a movimenta\u00e7\u00e3o e os bastidores desta grande opera\u00e7\u00e3o, trazendo informa\u00e7\u00f5es e registros da realiza\u00e7\u00e3o do concurso.<\/p>\n<p><strong>Cariri em A\u00e7\u00e3o \u2014 integrando toda a regi\u00e3o<\/strong><\/p>\n","protected":false},"excerpt":{"rendered":"<p>O Cariri em A\u00e7\u00e3o est\u00e1 em Altos, no Piau\u00ed, acompanhando de perto a realiza\u00e7\u00e3o do concurso p\u00fablico do munic\u00edpio, organizado pelo Instituto IGEDUC. O certame oferece mais de 800 vagas em 54 cargos e tem expectativa de participa\u00e7\u00e3o de mais de 36 mil candidatos. As provas acontecem na tarde deste s\u00e1bado e seguem no domingo, nos turnos da manh\u00e3 e da tarde. A opera\u00e7\u00e3o mobiliza mais de 60 escolas em Altos e Teresina, diante da grande quantidade de inscritos. O Instituto IGEDUC j\u00e1 atua em 12 estados brasileiros, utilizando em seus certames mecanismos de organiza\u00e7\u00e3o, controle e tecnologia de seguran\u00e7a desenvolvidos a partir de sua experi\u00eancia em Pernambuco. Diretamente de Altos, a equipe do Cariri em A\u00e7\u00e3o acompanha a movimenta\u00e7\u00e3o e os bastidores desta grande opera\u00e7\u00e3o, trazendo informa\u00e7\u00f5es e registros da realiza\u00e7\u00e3o do concurso. Cariri em A\u00e7\u00e3o \u2014 integrando toda a regi\u00e3o<\/p>\n","protected":false},"author":6,"featured_media":320917,"comment_status":"closed","ping_status":"closed","sticky":false,"template":"","format":"standard","meta":{"sfsi_plus_gutenberg_text_before_share":"","sfsi_plus_gutenberg_show_text_before_share":"","sfsi_plus_gutenberg_icon_type":"","sfsi_plus_gutenberg_icon_alignemt":"","sfsi_plus_gutenburg_max_per_row":"","footnotes":""},"categories":[14],"tags":[],"class_list":["post-320916","post","type-post","status-publish","format-standard","has-post-thumbnail","hentry","category-educacao"],"_links":{"self":[{"href":"https:\/\/www.caririemacao.com\/1\/wp-json\/wp\/v2\/posts\/320916","targetHints":{"allow":["GET"]}}],"collection":[{"href":"https:\/\/www.caririemacao.com\/1\/wp-json\/wp\/v2\/posts"}],"about":[{"href":"https:\/\/www.caririemacao.com\/1\/wp-json\/wp\/v2\/types\/post"}],"author":[{"embeddable":true,"href":"https:\/\/www.caririemacao.com\/1\/wp-json\/wp\/v2\/users\/6"}],"replies":[{"embeddable":true,"href":"https:\/\/www.caririemacao.com\/1\/wp-json\/wp\/v2\/comments?post=320916"}],"version-history":[{"count":1,"href":"https:\/\/www.caririemacao.com\/1\/wp-json\/wp\/v2\/posts\/320916\/revisions"}],"predecessor-version":[{"id":320918,"href":"https:\/\/www.caririemacao.com\/1\/wp-json\/wp\/v2\/posts\/320916\/revisions\/320918"}],"wp:featuredmedia":[{"embeddable":true,"href":"https:\/\/www.caririemacao.com\/1\/wp-json\/wp\/v2\/media\/320917"}],"wp:attachment":[{"href":"https:\/\/www.caririemacao.com\/1\/wp-json\/wp\/v2\/media?parent=320916"}],"wp:term":[{"taxonomy":"category","embeddable":true,"href":"https:\/\/www.caririemacao.com\/1\/wp-json\/wp\/v2\/categories?post=320916"},{"taxonomy":"post_tag","embeddable":true,"href":"https:\/\/www.caririemacao.com\/1\/wp-json\/wp\/v2\/tags?post=320916"}],"curies":[{"name":"wp","href":"https:\/\/api.w.org\/{rel}","templated":true}]}}