{"id":320928,"date":"2026-08-29T18:16:38","date_gmt":"2026-08-29T21:16:38","guid":{"rendered":"https:\/\/www.caririemacao.com\/1\/?p=320928"},"modified":"2026-08-29T18:16:38","modified_gmt":"2026-08-29T21:16:38","slug":"yuri-ezequiel-defende-criacao-de-empresa-publica-de-transporte-coletivo-na-paraiba","status":"publish","type":"post","link":"https:\/\/www.caririemacao.com\/1\/2026\/08\/29\/yuri-ezequiel-defende-criacao-de-empresa-publica-de-transporte-coletivo-na-paraiba\/","title":{"rendered":"Yuri Ezequiel defende cria\u00e7\u00e3o de empresa p\u00fablica de transporte coletivo na Para\u00edba"},"content":{"rendered":"<p>Ele comentou sobre a proposta durante uma entrevista na TV Cabo Branco. No encontro, o candidato destacou sua inten\u00e7\u00e3o de impulsionar a industrializa\u00e7\u00e3o da Para\u00edba por meio de empresas p\u00fablicas. Segundo ele, essa iniciativa viabilizaria o passe livre estudantil. \u201cN\u00f3s defendemos o passe livre estudantil atrav\u00e9s de empresas p\u00fablicas de transporte coletivo aqui para a cidade de Jo\u00e3o Pessoa, Campina Grande, mas principalmente estabelecer o transporte p\u00fablico no centro do nosso Estado, porque diversas cidades ainda n\u00e3o possuem transporte coletivo\u201d. Al\u00e9m disso, o candidato abordou investimentos de recursos p\u00fablicos no setor de industrializa\u00e7\u00e3o.<\/p>\n<p>Agora, em uma declara\u00e7\u00e3o, ele afirmou: \u201cDefendemos a industrializa\u00e7\u00e3o do Estado da Para\u00edba a partir de empresas p\u00fablicas em setores estrat\u00e9gicos da economia, cooperativas de trabalhadores para fomentar esse segmento e, sem d\u00favida nenhuma, frente emergenciais de trabalhadores para conseguir construir obras de infraestrutura e de moradia no nosso Estado\u201d.<\/p>\n<p><em>Fonte: G1 Para\u00edba<\/em><\/p>\n","protected":false},"excerpt":{"rendered":"<p>Yuri Ezequiel em entrevista para a TV Cabo Branco. Reprodu\u00e7\u00e3o TV Cabo Branco. O candidato a governador Yuri Ezequiel (UP) defendeu a cria\u00e7\u00e3o de empresas p\u00fablicas de transporte coletivo n Para\u00edba. Ele falou sobre a proposta em entrevista \u00e0 TV Cabo Branco. &#x2705; Clique aqui para seguir o canal do g1 PB no WhatsApp Durante a entrevista, o candidato afirmou que pretende ampliar a industrializa\u00e7\u00e3o da Para\u00edba por meio de empresas p\u00fablicas. Segundo ele, a medida ajudaria a viabilizar o passe livre estudantil. \u201cN\u00f3s defendemos o passe livre estudantil atrav\u00e9s de empresas p\u00fablicas de transporte coletivo aqui para a cidade de Jo\u00e3o Pessoa, Campina Grande, mas principalmente estabelecer o transporte p\u00fablico no centro do nosso Estado, porque diversas cidades ainda n\u00e3o possuem transporte coletivo\u201d. O candidato tamb\u00e9m falou sobre industrializa\u00e7\u00e3o, propondo tamb\u00e9m o investimentio de recursos p\u00fablicos nesse setor. Agora no g1 \u201cDefendemos a industrializa\u00e7\u00e3o do Estado da Para\u00edba a partir de empresas p\u00fablicas em setores estrat\u00e9gicos da economia, cooperativas de trabalhadores para fomentar esse segmento e, sem d\u00favida nenhuma, frente emergenciais de trabalhadores para conseguir construir obras de infraestrutura e de moradia no nosso Estado\u201d, disse. V\u00eddeos mais assistidos do g1 Para\u00edba<\/p>\n","protected":false},"author":0,"featured_media":320929,"comment_status":"closed","ping_status":"closed","sticky":false,"template":"","format":"standard","meta":{"sfsi_plus_gutenberg_text_before_share":"","sfsi_plus_gutenberg_show_text_before_share":"","sfsi_plus_gutenberg_icon_type":"","sfsi_plus_gutenberg_icon_alignemt":"","sfsi_plus_gutenburg_max_per_row":"","footnotes":""},"categories":[104],"tags":[],"class_list":["post-320928","post","type-post","status-publish","format-standard","has-post-thumbnail","hentry","category-paraiba"],"_links":{"self":[{"href":"https:\/\/www.caririemacao.com\/1\/wp-json\/wp\/v2\/posts\/320928","targetHints":{"allow":["GET"]}}],"collection":[{"href":"https:\/\/www.caririemacao.com\/1\/wp-json\/wp\/v2\/posts"}],"about":[{"href":"https:\/\/www.caririemacao.com\/1\/wp-json\/wp\/v2\/types\/post"}],"replies":[{"embeddable":true,"href":"https:\/\/www.caririemacao.com\/1\/wp-json\/wp\/v2\/comments?post=320928"}],"version-history":[{"count":1,"href":"https:\/\/www.caririemacao.com\/1\/wp-json\/wp\/v2\/posts\/320928\/revisions"}],"predecessor-version":[{"id":320930,"href":"https:\/\/www.caririemacao.com\/1\/wp-json\/wp\/v2\/posts\/320928\/revisions\/320930"}],"wp:featuredmedia":[{"embeddable":true,"href":"https:\/\/www.caririemacao.com\/1\/wp-json\/wp\/v2\/media\/320929"}],"wp:attachment":[{"href":"https:\/\/www.caririemacao.com\/1\/wp-json\/wp\/v2\/media?parent=320928"}],"wp:term":[{"taxonomy":"category","embeddable":true,"href":"https:\/\/www.caririemacao.com\/1\/wp-json\/wp\/v2\/categories?post=320928"},{"taxonomy":"post_tag","embeddable":true,"href":"https:\/\/www.caririemacao.com\/1\/wp-json\/wp\/v2\/tags?post=320928"}],"curies":[{"name":"wp","href":"https:\/\/api.w.org\/{rel}","templated":true}]}}