{"id":320937,"date":"2026-08-30T08:18:36","date_gmt":"2026-08-30T11:18:36","guid":{"rendered":"https:\/\/www.caririemacao.com\/1\/?p=320937"},"modified":"2026-08-30T08:18:36","modified_gmt":"2026-08-30T11:18:36","slug":"encerramento-do-festival-de-inverno-2026-de-campina-grande-acontece-neste-domingo-com-diogo-nogueira-como-destaque","status":"publish","type":"post","link":"https:\/\/www.caririemacao.com\/1\/2026\/08\/30\/encerramento-do-festival-de-inverno-2026-de-campina-grande-acontece-neste-domingo-com-diogo-nogueira-como-destaque\/","title":{"rendered":"Encerramento do Festival de Inverno 2026 de Campina Grande acontece neste domingo com Diogo Nogueira como destaque"},"content":{"rendered":"<p>Diogo Nogueira ser\u00e1 a principal atra\u00e7\u00e3o do encerramento do Festival de Inverno de Campina Grande, que fecha suas atividades neste domingo, dia 30. O evento, que celebra sua 51\u00aa edi\u00e7\u00e3o, contou com a participa\u00e7\u00e3o de nomes como Othon Bastos dentro de uma programa\u00e7\u00e3o cultural totalmente gratuita. A iniciativa do festival foi idealizada pela professora e ativista cultural Eneida Agra Maracaj\u00e1, e o evento tem sido realizado anualmente desde a sua primeira edi\u00e7\u00e3o em julho de 1974.<\/p>\n<p>A programa\u00e7\u00e3o do festival abrange diversos locais de Campina Grande, incluindo o Teatro Municipal Severino Cabral, a Feira Central e o Parque Evaldo Cruz. A sequ\u00eancia de apresenta\u00e7\u00f5es iniciou-se no dia 20 de agosto e j\u00e1 contou com participa\u00e7\u00f5es de figuras como a cineasta Tizuka Yamasaki, o m\u00fasico Ant\u00f4nio N\u00f3brega e o ator Othon Bastos.<\/p>\n<p>Para o encerramento, que ocorrer\u00e1 neste domingo (30 de agosto), a agenda inclui dan\u00e7a no Parque Evaldo Cruz \u00e0s 09h, oficina de teatro &#8220;O Jogo da M\u00e1scara Teatral&#8221; conduzida por Eduardo Vaccari (SP) tamb\u00e9m \u00e0s 09h no Centro Art\u00edstico Cultural \u2013 PROCULT\/UEPB, m\u00fasica com a banda Capil\u00e9 \u00e0s 19h no mesmo parque, e o show de Diogo Nogueira \u00e0s 21h no Parque Evaldo Cruz. Al\u00e9m disso, haver\u00e1 uma feirinha de artesanato do Secult Municipal dispon\u00edvel durante todo o dia. Os v\u00eddeos mais assistidos sobre o encerramento est\u00e3o dispon\u00edveis online.<\/p>\n<p><em>Fonte: G1 Para\u00edba<\/em><\/p>\n","protected":false},"excerpt":{"rendered":"<p>Diogo Nogueira \u00e9 atra\u00e7\u00e3o do encerramento do Festival de Inverno de Campina Grande Leo Aversa\/Divulga\u00e7\u00e3o Chega ao fim neste domingo (30) o Festival de Inverno 2026 de Campina Grande, no Agreste da Para\u00edba. O evento est\u00e1 em sua 51\u00aa edi\u00e7\u00e3o e recebeu nomes como Othon Bastos em uma programa\u00e7\u00e3o cultural gratuita. Diogo Nogueira \u00e9 a principal atra\u00e7\u00e3o do encerramento. &#x2705; Clique aqui para seguir o canal do g1 PB no WhatsApp O Festival de Inverno de Campina Grande \u00e9 idealizado pela professora e ativista cultural Eneida Agra Maracaj\u00e1. O evento foi realizado pela primeira vez em julho de 1974 e segue acontecendo anualmente. A programa\u00e7\u00e3o do festival \u00e9 inteiramente gratuita e acontece em diferentes locais, em Campina Grande, como no pr\u00f3prio Teatro Municipal Severino Cabral, na Feira Central da cidade e o Parque Evaldo Cruz. Ao longo da programa\u00e7\u00e3o, que come\u00e7ou no \u00faltimo dia 20 de agosto, passaram pelo Festival de Inverno de Campina Grande nomes como a cineasta Tizuka Yamasaki, o m\u00fasico Ant\u00f4nio N\u00f3brega e o ator Othon Bastos (confira abaixo a programa\u00e7\u00e3o do encerramento do evento). V\u00eddeos em alta no g1 Encerramento do Festival de Inverno 2026 de Campina Grande 30 de agosto (domingo) Dan\u00e7a 2\u00aa Batalha \u201cAll Style de Inverno \u2013 CG\u201d Local: Parque Evaldo Cruz (A\u00e7ude Novo) Hor\u00e1rio: 09h Teatro Oficina: O Jogo da M\u00e1scara Teatral &#8211; Eduardo Vaccari (SP) Local: Centro Art\u00edstico Cultural \u2013 PROCULT\/UEPB Hor\u00e1rio: 09h M\u00fasica Capil\u00e9 Local: Parque Evaldo Cruz (A\u00e7ude Novo) Hor\u00e1rio: 19h M\u00fasica Diogo Nogueira (RJ) Local: Parque Evaldo Cruz (A\u00e7ude Novo) Hor\u00e1rio: 21h Artes Visuais Feirinha de artesanato (Secult Municipal) Local: Parque Evaldo Cruz (A\u00e7ude Novo) Hor\u00e1rio: durante o dia inteiro V\u00eddeos mais assistidos do g1 Para\u00edba<\/p>\n","protected":false},"author":0,"featured_media":320938,"comment_status":"closed","ping_status":"closed","sticky":false,"template":"","format":"standard","meta":{"sfsi_plus_gutenberg_text_before_share":"","sfsi_plus_gutenberg_show_text_before_share":"","sfsi_plus_gutenberg_icon_type":"","sfsi_plus_gutenberg_icon_alignemt":"","sfsi_plus_gutenburg_max_per_row":"","footnotes":""},"categories":[104],"tags":[],"class_list":["post-320937","post","type-post","status-publish","format-standard","has-post-thumbnail","hentry","category-paraiba"],"_links":{"self":[{"href":"https:\/\/www.caririemacao.com\/1\/wp-json\/wp\/v2\/posts\/320937","targetHints":{"allow":["GET"]}}],"collection":[{"href":"https:\/\/www.caririemacao.com\/1\/wp-json\/wp\/v2\/posts"}],"about":[{"href":"https:\/\/www.caririemacao.com\/1\/wp-json\/wp\/v2\/types\/post"}],"replies":[{"embeddable":true,"href":"https:\/\/www.caririemacao.com\/1\/wp-json\/wp\/v2\/comments?post=320937"}],"version-history":[{"count":1,"href":"https:\/\/www.caririemacao.com\/1\/wp-json\/wp\/v2\/posts\/320937\/revisions"}],"predecessor-version":[{"id":320939,"href":"https:\/\/www.caririemacao.com\/1\/wp-json\/wp\/v2\/posts\/320937\/revisions\/320939"}],"wp:featuredmedia":[{"embeddable":true,"href":"https:\/\/www.caririemacao.com\/1\/wp-json\/wp\/v2\/media\/320938"}],"wp:attachment":[{"href":"https:\/\/www.caririemacao.com\/1\/wp-json\/wp\/v2\/media?parent=320937"}],"wp:term":[{"taxonomy":"category","embeddable":true,"href":"https:\/\/www.caririemacao.com\/1\/wp-json\/wp\/v2\/categories?post=320937"},{"taxonomy":"post_tag","embeddable":true,"href":"https:\/\/www.caririemacao.com\/1\/wp-json\/wp\/v2\/tags?post=320937"}],"curies":[{"name":"wp","href":"https:\/\/api.w.org\/{rel}","templated":true}]}}