{"id":320940,"date":"2026-08-30T09:18:41","date_gmt":"2026-08-30T12:18:41","guid":{"rendered":"https:\/\/www.caririemacao.com\/1\/?p=320940"},"modified":"2026-08-30T09:18:41","modified_gmt":"2026-08-30T12:18:41","slug":"morte-de-ciclista-no-bairro-cristo-redentor-em-joao-pessoa-apos-atropelamento-na-faixa-pedestre","status":"publish","type":"post","link":"https:\/\/www.caririemacao.com\/1\/2026\/08\/30\/morte-de-ciclista-no-bairro-cristo-redentor-em-joao-pessoa-apos-atropelamento-na-faixa-pedestre\/","title":{"rendered":"Morte de ciclista no bairro Cristo Redentor, em Jo\u00e3o Pessoa, ap\u00f3s atropelamento na faixa pedestre"},"content":{"rendered":"<p>Jonas da Silva Oliveira, um ciclista, faleceu ap\u00f3s ser atingido por um ve\u00edculo motorizado enquanto tentava cruzar a via na faixa de pedestres, no bairro Cristo Redentor, em Jo\u00e3o Pessoa. O tr\u00e1gico evento ocorreu na noite de s\u00e1bado, dia 29, pr\u00f3ximo ao est\u00e1dio Almeid\u00e3o.<\/p>\n<p>De acordo com a Pol\u00edcia Civil presente no local, a v\u00edtima estava em processo de atravessagem quando sofreu o atropelo. O condutor do autom\u00f3vel foi imediatamente preso e submetido a um teste de baf\u00f4metro, que confirmou a presen\u00e7a de \u00e1lcool no sangue. Ap\u00f3s o impacto, o motorista perdeu o controle da dire\u00e7\u00e3o e acabou parando na faixa destinada a ciclistas.<\/p>\n<p>Al\u00e9m do primeiro acidente, outro ve\u00edculo tamb\u00e9m atropelou o ciclista, arrastando-o at\u00e9 o ponto onde foi localizado. A cena foi gravada e os v\u00eddeos mais assistidos est\u00e3o dispon\u00edveis online.<\/p>\n<p><em>Fonte: G1 Para\u00edba<\/em><\/p>\n","protected":false},"excerpt":{"rendered":"<p>Ciclista morreu ap\u00f3s ser atropelado no bairro Cristo Redentor, em Jo\u00e3o Pessoa Fl\u00e1vio Fernandes\/TV Cabo Branco Um ciclista morreu ap\u00f3s ser atingido por um carro na faixa de pedestres, na noite deste s\u00e1bado (29), em Jo\u00e3o Pessoa. O caso ocorreu ao lado do est\u00e1dio Almeid\u00e3o, no bairro do Cristo. &#x2705; Clique aqui para seguir o canal do g1 PB no WhatsApp De acordo com informa\u00e7\u00f5es da Pol\u00edcia Civil no local do acidente, a v\u00edtima, identificada como Jonas da Silva Oliveira, tentava atravessar na faixa de pedestres quando foi atropelada. O motorista do autom\u00f3vel foi preso e submetido ao teste do baf\u00f4metro, que deu positivo para ingest\u00e3o de \u00e1lcool. Ap\u00f3s bater no ciclista, o motorista perdeu o controle da dire\u00e7\u00e3o e foi parar na faixa de ciclistas entre as duas vias. Segundo informa\u00e7\u00f5es, o ciclista seguia no sentido Cristo-Geisel quando foi atingido pelo carro e foi arremessado para o lado oposto da via. Outro carro atropelou o ciclista e o arrastou at\u00e9 o ponto onde foi encontrado. V\u00eddeos mais assistidos do g1 Para\u00edba<\/p>\n","protected":false},"author":0,"featured_media":320941,"comment_status":"closed","ping_status":"closed","sticky":false,"template":"","format":"standard","meta":{"sfsi_plus_gutenberg_text_before_share":"","sfsi_plus_gutenberg_show_text_before_share":"","sfsi_plus_gutenberg_icon_type":"","sfsi_plus_gutenberg_icon_alignemt":"","sfsi_plus_gutenburg_max_per_row":"","footnotes":""},"categories":[12],"tags":[],"class_list":["post-320940","post","type-post","status-publish","format-standard","has-post-thumbnail","hentry","category-policia"],"_links":{"self":[{"href":"https:\/\/www.caririemacao.com\/1\/wp-json\/wp\/v2\/posts\/320940","targetHints":{"allow":["GET"]}}],"collection":[{"href":"https:\/\/www.caririemacao.com\/1\/wp-json\/wp\/v2\/posts"}],"about":[{"href":"https:\/\/www.caririemacao.com\/1\/wp-json\/wp\/v2\/types\/post"}],"replies":[{"embeddable":true,"href":"https:\/\/www.caririemacao.com\/1\/wp-json\/wp\/v2\/comments?post=320940"}],"version-history":[{"count":1,"href":"https:\/\/www.caririemacao.com\/1\/wp-json\/wp\/v2\/posts\/320940\/revisions"}],"predecessor-version":[{"id":320942,"href":"https:\/\/www.caririemacao.com\/1\/wp-json\/wp\/v2\/posts\/320940\/revisions\/320942"}],"wp:featuredmedia":[{"embeddable":true,"href":"https:\/\/www.caririemacao.com\/1\/wp-json\/wp\/v2\/media\/320941"}],"wp:attachment":[{"href":"https:\/\/www.caririemacao.com\/1\/wp-json\/wp\/v2\/media?parent=320940"}],"wp:term":[{"taxonomy":"category","embeddable":true,"href":"https:\/\/www.caririemacao.com\/1\/wp-json\/wp\/v2\/categories?post=320940"},{"taxonomy":"post_tag","embeddable":true,"href":"https:\/\/www.caririemacao.com\/1\/wp-json\/wp\/v2\/tags?post=320940"}],"curies":[{"name":"wp","href":"https:\/\/api.w.org\/{rel}","templated":true}]}}