{"id":320949,"date":"2026-08-30T12:19:00","date_gmt":"2026-08-30T15:19:00","guid":{"rendered":"https:\/\/www.caririemacao.com\/1\/?p=320949"},"modified":"2026-08-30T12:19:00","modified_gmt":"2026-08-30T15:19:00","slug":"idoso-de-80-anos-e-preso-suspeito-de-abusar-sexualmente-da-bisneta-na-paraiba","status":"publish","type":"post","link":"https:\/\/www.caririemacao.com\/1\/2026\/08\/30\/idoso-de-80-anos-e-preso-suspeito-de-abusar-sexualmente-da-bisneta-na-paraiba\/","title":{"rendered":"Idoso de 80 anos \u00e9 preso suspeito de abusar sexualmente da bisneta na Para\u00edba"},"content":{"rendered":"<p>Um idoso de 80 anos foi preso neste s\u00e1bado (29), suspeito de abusar sexualmente da pr\u00f3pria bisneta, de 11 anos, na cidade de Mana\u00edra, no Sert\u00e3o da Para\u00edba.<\/p>\n<p>O caso foi denunciado pelos pais da crian\u00e7a e confirmado pelo Conselho Tutelar do munic\u00edpio.<\/p>\n<p>A Justi\u00e7a determinou a pris\u00e3o preventiva domiciliar do idoso, com monitoramento eletr\u00f4nico, em raz\u00e3o da idade avan\u00e7ada do investigado. Ele responder\u00e1 pelo crime de estupro de vulner\u00e1vel.<\/p>\n<p><strong><a href=\"https:\/\/whatsapp.com\/channel\/0029VaM11seEFeXpuU94Sz2i\" target=\"_blank\" rel=\"noopener\"><\/a><\/strong><\/p>\n<p><em>Fonte: Portal Correio<\/em><\/p>\n","protected":false},"excerpt":{"rendered":"<p>Um idoso de 80 anos foi preso neste s\u00e1bado (29), suspeito de abusar sexualmente da pr\u00f3pria bisneta, de 11 anos, na cidade de Mana\u00edra, no Sert\u00e3o da Para\u00edba. O caso foi denunciado pelos pais da crian\u00e7a e confirmado pelo Conselho Tutelar do munic\u00edpio. A Justi\u00e7a determinou a pris\u00e3o preventiva domiciliar do idoso, com monitoramento eletr\u00f4nico, [\u2026]<\/p>\n","protected":false},"author":0,"featured_media":320950,"comment_status":"closed","ping_status":"closed","sticky":false,"template":"","format":"standard","meta":{"sfsi_plus_gutenberg_text_before_share":"","sfsi_plus_gutenberg_show_text_before_share":"","sfsi_plus_gutenberg_icon_type":"","sfsi_plus_gutenberg_icon_alignemt":"","sfsi_plus_gutenburg_max_per_row":"","footnotes":""},"categories":[12],"tags":[],"class_list":["post-320949","post","type-post","status-publish","format-standard","has-post-thumbnail","hentry","category-policia"],"_links":{"self":[{"href":"https:\/\/www.caririemacao.com\/1\/wp-json\/wp\/v2\/posts\/320949","targetHints":{"allow":["GET"]}}],"collection":[{"href":"https:\/\/www.caririemacao.com\/1\/wp-json\/wp\/v2\/posts"}],"about":[{"href":"https:\/\/www.caririemacao.com\/1\/wp-json\/wp\/v2\/types\/post"}],"replies":[{"embeddable":true,"href":"https:\/\/www.caririemacao.com\/1\/wp-json\/wp\/v2\/comments?post=320949"}],"version-history":[{"count":1,"href":"https:\/\/www.caririemacao.com\/1\/wp-json\/wp\/v2\/posts\/320949\/revisions"}],"predecessor-version":[{"id":320951,"href":"https:\/\/www.caririemacao.com\/1\/wp-json\/wp\/v2\/posts\/320949\/revisions\/320951"}],"wp:featuredmedia":[{"embeddable":true,"href":"https:\/\/www.caririemacao.com\/1\/wp-json\/wp\/v2\/media\/320950"}],"wp:attachment":[{"href":"https:\/\/www.caririemacao.com\/1\/wp-json\/wp\/v2\/media?parent=320949"}],"wp:term":[{"taxonomy":"category","embeddable":true,"href":"https:\/\/www.caririemacao.com\/1\/wp-json\/wp\/v2\/categories?post=320949"},{"taxonomy":"post_tag","embeddable":true,"href":"https:\/\/www.caririemacao.com\/1\/wp-json\/wp\/v2\/tags?post=320949"}],"curies":[{"name":"wp","href":"https:\/\/api.w.org\/{rel}","templated":true}]}}