{"id":320955,"date":"2026-08-30T14:19:20","date_gmt":"2026-08-30T17:19:20","guid":{"rendered":"https:\/\/www.caririemacao.com\/1\/?p=320955"},"modified":"2026-08-31T22:08:30","modified_gmt":"2026-09-01T01:08:30","slug":"assalto-a-ciclista-registrado-em-video-no-jardim-oceania-joao-pessoa","status":"publish","type":"post","link":"https:\/\/www.caririemacao.com\/1\/2026\/08\/30\/assalto-a-ciclista-registrado-em-video-no-jardim-oceania-joao-pessoa\/","title":{"rendered":"Assalto a ciclista registrado em v\u00eddeo no Jardim Oceania, Jo\u00e3o Pessoa"},"content":{"rendered":"<p>Um v\u00eddeo documentou o assalto a um ciclista que ocorreu nesta manh\u00e3 de domingo, dia 30, no bairro Jardim Oceania, em Jo\u00e3o Pessoa. O crime aconteceu na Rua Professora Maria Jacy Pinto. As imagens mostram o momento em que o homem de bicicleta foi for\u00e7ado a se deitar na cal\u00e7ada.<\/p>\n<p>Em seguida, um dos suspeitos revistou os bolsos da v\u00edtima. Ap\u00f3s a abordagem, o assaltante subiu na garupa de uma moto, que era conduzida por um segundo homem, e a dupla fugiram do local.<\/p>\n<p><em>Fonte: G1 Para\u00edba<\/em><\/p>\n","protected":false},"excerpt":{"rendered":"<p>V\u00eddeo mostra assalto a ciclista em rua de Jo\u00e3o Pessoa Um v\u00eddeo registrou um assalto a um ciclista na manh\u00e3 deste domingo (30), no bairro Jardim Oceania, em Jo\u00e3o Pessoa. O crime ocorreu na Rua Professora Maria Jacy Pinto. Nas imagens, \u00e9 poss\u00edvel ver o momento em que o homem, que estava de bicicleta, \u00e9 obrigado a deitar na cal\u00e7ada. Em seguida, um dos suspeitos revista os bolsos da v\u00edtima. Ap\u00f3s a abordagem, o assaltante sobe na garupa de uma moto, que \u00e9 guiada por um segundo homem, e a dupla foge do local. At\u00e9 a \u00faltima atualiza\u00e7\u00e3o desta reportagem, a v\u00edtima e os suspeitos n\u00e3o haviam sido identificados. Tamb\u00e9m n\u00e3o h\u00e1 informa\u00e7\u00f5es sobre o que foi levado. Assalto aconteceu no bairro Jardim Oceania, em Jo\u00e3o Pessoa Reprodu\u00e7\u00e3o\/TV Cabo Branco V\u00eddeos mais assistidos do g1 Para\u00edba<\/p>\n","protected":false},"author":6,"featured_media":320956,"comment_status":"closed","ping_status":"closed","sticky":false,"template":"","format":"standard","meta":{"sfsi_plus_gutenberg_text_before_share":"","sfsi_plus_gutenberg_show_text_before_share":"","sfsi_plus_gutenberg_icon_type":"","sfsi_plus_gutenberg_icon_alignemt":"","sfsi_plus_gutenburg_max_per_row":"","footnotes":""},"categories":[12],"tags":[],"class_list":["post-320955","post","type-post","status-publish","format-standard","has-post-thumbnail","hentry","category-policia"],"_links":{"self":[{"href":"https:\/\/www.caririemacao.com\/1\/wp-json\/wp\/v2\/posts\/320955","targetHints":{"allow":["GET"]}}],"collection":[{"href":"https:\/\/www.caririemacao.com\/1\/wp-json\/wp\/v2\/posts"}],"about":[{"href":"https:\/\/www.caririemacao.com\/1\/wp-json\/wp\/v2\/types\/post"}],"author":[{"embeddable":true,"href":"https:\/\/www.caririemacao.com\/1\/wp-json\/wp\/v2\/users\/6"}],"replies":[{"embeddable":true,"href":"https:\/\/www.caririemacao.com\/1\/wp-json\/wp\/v2\/comments?post=320955"}],"version-history":[{"count":1,"href":"https:\/\/www.caririemacao.com\/1\/wp-json\/wp\/v2\/posts\/320955\/revisions"}],"predecessor-version":[{"id":320957,"href":"https:\/\/www.caririemacao.com\/1\/wp-json\/wp\/v2\/posts\/320955\/revisions\/320957"}],"wp:featuredmedia":[{"embeddable":true,"href":"https:\/\/www.caririemacao.com\/1\/wp-json\/wp\/v2\/media\/320956"}],"wp:attachment":[{"href":"https:\/\/www.caririemacao.com\/1\/wp-json\/wp\/v2\/media?parent=320955"}],"wp:term":[{"taxonomy":"category","embeddable":true,"href":"https:\/\/www.caririemacao.com\/1\/wp-json\/wp\/v2\/categories?post=320955"},{"taxonomy":"post_tag","embeddable":true,"href":"https:\/\/www.caririemacao.com\/1\/wp-json\/wp\/v2\/tags?post=320955"}],"curies":[{"name":"wp","href":"https:\/\/api.w.org\/{rel}","templated":true}]}}