{"id":320958,"date":"2026-08-30T14:19:22","date_gmt":"2026-08-30T17:19:22","guid":{"rendered":"https:\/\/www.caririemacao.com\/1\/?p=320958"},"modified":"2026-08-30T14:19:22","modified_gmt":"2026-08-30T17:19:22","slug":"sorridente-e-com-mensagem-religiosa-maduro-aparece-em-fotos-na-prisao-nos-eua","status":"publish","type":"post","link":"https:\/\/www.caririemacao.com\/1\/2026\/08\/30\/sorridente-e-com-mensagem-religiosa-maduro-aparece-em-fotos-na-prisao-nos-eua\/","title":{"rendered":"Sorridente e com mensagem religiosa, Maduro aparece em fotos na pris\u00e3o nos EUA"},"content":{"rendered":"<p>O perfil de Nicol\u00e1s Maduro publicou neste domingo (30) duas fotografias do ditador deposto da Venezuela na pris\u00e3o, nos Estados Unidos.<\/p>\n<p>As imagens foram acompanhadas de uma mensagem atribu\u00edda a Maduro, com diversas refer\u00eancias religiosas, na qual ele se dirige a familiares e apoiadores.<\/p>\n<p>Nas fotos, com data de 25 de junho, Maduro aparece sorridente, de \u00f3culos, com o cabelo grisalho e vestindo um uniforme prisional de moletom cinza. Ele est\u00e1 detido no Centro de Deten\u00e7\u00e3o Metropolitano do Brooklyn, em Nova York, onde aguarda julgamento sob acusa\u00e7\u00e3o de narcoterrorismo e tr\u00e1fico de drogas.<\/p>\n<p>Em uma das imagens, de corpo inteiro, ele faz um gesto de \u201cV\u201d com as duas m\u00e3os. Na outra, em um enquadramento da cintura para cima, faz o gesto com uma das m\u00e3os e segura os \u00f3culos com a outra. Tamb\u00e9m \u00e9 poss\u00edvel ver um rel\u00f3gio no pulso.<\/p>\n<p>O texto que acompanha as fotos chama as fotografias de \u201cpequeno presente de amor e de esperan\u00e7a\u201d.<\/p>\n<p>\u201cEnvio estas fotos como um pequeno presente a todos os meus netos e netas, aos meninos e meninas e a toda a gente nobre que nos ama\u201d, diz o texto publicado no perfil de Maduro.<\/p>\n<p>Na mensagem, tamb\u00e9m h\u00e1 agradecimentos a correligion\u00e1rios e men\u00e7\u00f5es a ora\u00e7\u00f5es, b\u00ean\u00e7\u00e3os e Deus.<\/p>\n<p>\u201cQuero que saibam que estamos firmes, com o cora\u00e7\u00e3o cheio do amor de voc\u00eas, esse amor que nos chega convertido em ora\u00e7\u00e3o, em a\u00e7\u00e3o permanente, em solidariedade e em apoio verdadeiro.\u201d<\/p>\n<p>O fim do texto atribu\u00eddo a Maduro cita um trecho b\u00edblico e faz um aceno aos apoiadores na Venezuela.<\/p>\n<p>\u201cComo diz o ap\u00f3stolo Paulo: \u2018Mas, em todas estas coisas, somos mais que vencedores por aquele que nos amou\u2019 (Rm 8,37). Continuaremos fortes, serenos e confiantes: Deus est\u00e1 conosco. Deus prover\u00e1.<\/p>\n<p>A Venezuela renascer\u00e1.\u201d<\/p>\n<p>A Venezuela \u00e9 governada interinamente pela vice de Maduro, Delcy Rodr\u00edguez, que se aproximou do governo de Donald Trump desde a captura do ditador. Na sexta-feira (28), ela assinou um acordo para que os Estados Unidos assumissem o controle de 65 bilh\u00f5es de barris de petr\u00f3leo nos campos de explora\u00e7\u00e3o do pa\u00eds.<\/p>\n<p>Nicol\u00e1s Maduro e sua esposa, Cilia Flores, foram capturados em 3 de janeiro por uma opera\u00e7\u00e3o militar ameircana em Caracas, e devem ir a julgamento em junho de 2027.<\/p>\n<p>O perfil de Maduro no X segue ativo diariamente, com a publica\u00e7\u00e3o de imagens que pedem a liberta\u00e7\u00e3o do ditador e de sua esposa e fazem uma contagem de quantos dias os dois est\u00e3o presos\u0097240 dias neste domingo. Nas publica\u00e7\u00f5es, a pris\u00e3o \u00e9 tratada como um \u201csequestro\u201d.<\/p>\n<p><a href=\"void(0);\"><\/a><\/p>\n<p><strong><a href=\"https:\/\/whatsapp.com\/channel\/0029VaM11seEFeXpuU94Sz2i\" target=\"_blank\" rel=\"noopener\"><\/a><\/strong><\/p>\n<p><em>Fonte: Portal Correio<\/em><\/p>\n","protected":false},"excerpt":{"rendered":"<p>O perfil de Nicol\u00e1s Maduro publicou neste domingo (30) duas fotografias do ditador deposto da Venezuela na pris\u00e3o, nos Estados Unidos. As imagens foram acompanhadas de uma mensagem atribu\u00edda a Maduro, com diversas refer\u00eancias religiosas, na qual ele se dirige a familiares e apoiadores. Nas fotos, com data de 25 de junho, Maduro aparece sorridente, [\u2026]<\/p>\n","protected":false},"author":0,"featured_media":320959,"comment_status":"closed","ping_status":"closed","sticky":false,"template":"","format":"standard","meta":{"sfsi_plus_gutenberg_text_before_share":"","sfsi_plus_gutenberg_show_text_before_share":"","sfsi_plus_gutenberg_icon_type":"","sfsi_plus_gutenberg_icon_alignemt":"","sfsi_plus_gutenburg_max_per_row":"","footnotes":""},"categories":[12],"tags":[],"class_list":["post-320958","post","type-post","status-publish","format-standard","has-post-thumbnail","hentry","category-policia"],"_links":{"self":[{"href":"https:\/\/www.caririemacao.com\/1\/wp-json\/wp\/v2\/posts\/320958","targetHints":{"allow":["GET"]}}],"collection":[{"href":"https:\/\/www.caririemacao.com\/1\/wp-json\/wp\/v2\/posts"}],"about":[{"href":"https:\/\/www.caririemacao.com\/1\/wp-json\/wp\/v2\/types\/post"}],"replies":[{"embeddable":true,"href":"https:\/\/www.caririemacao.com\/1\/wp-json\/wp\/v2\/comments?post=320958"}],"version-history":[{"count":1,"href":"https:\/\/www.caririemacao.com\/1\/wp-json\/wp\/v2\/posts\/320958\/revisions"}],"predecessor-version":[{"id":320960,"href":"https:\/\/www.caririemacao.com\/1\/wp-json\/wp\/v2\/posts\/320958\/revisions\/320960"}],"wp:featuredmedia":[{"embeddable":true,"href":"https:\/\/www.caririemacao.com\/1\/wp-json\/wp\/v2\/media\/320959"}],"wp:attachment":[{"href":"https:\/\/www.caririemacao.com\/1\/wp-json\/wp\/v2\/media?parent=320958"}],"wp:term":[{"taxonomy":"category","embeddable":true,"href":"https:\/\/www.caririemacao.com\/1\/wp-json\/wp\/v2\/categories?post=320958"},{"taxonomy":"post_tag","embeddable":true,"href":"https:\/\/www.caririemacao.com\/1\/wp-json\/wp\/v2\/tags?post=320958"}],"curies":[{"name":"wp","href":"https:\/\/api.w.org\/{rel}","templated":true}]}}