{"id":320961,"date":"2026-08-30T14:52:11","date_gmt":"2026-08-30T17:52:11","guid":{"rendered":"https:\/\/www.caririemacao.com\/1\/?p=320961"},"modified":"2026-08-30T14:52:11","modified_gmt":"2026-08-30T17:52:11","slug":"prefeitura-de-gurjao-vacina-mais-de-300-caes-e-gatos-durante-dia-d-contra-a-raiva","status":"publish","type":"post","link":"https:\/\/www.caririemacao.com\/1\/2026\/08\/30\/prefeitura-de-gurjao-vacina-mais-de-300-caes-e-gatos-durante-dia-d-contra-a-raiva\/","title":{"rendered":"Prefeitura de Gurj\u00e3o vacina mais de 300 c\u00e3es e gatos durante Dia D contra a raiva"},"content":{"rendered":"<p class=\"isSelectedEnd\">A Prefeitura de Gurj\u00e3o, por meio da Secretaria Municipal de Sa\u00fade, realizou na manh\u00e3 deste s\u00e1bado (29) o Dia D da Campanha de Vacina\u00e7\u00e3o Antirr\u00e1bica. A mobiliza\u00e7\u00e3o aconteceu na Academia de Sa\u00fade e garantiu a imuniza\u00e7\u00e3o de mais de 300 c\u00e3es e gatos do munic\u00edpio.<\/p>\n<p class=\"isSelectedEnd\">A a\u00e7\u00e3o contou com a participa\u00e7\u00e3o das equipes de sa\u00fade e do m\u00e9dico-veterin\u00e1rio do munic\u00edpio, Valdemar Cavalcante, que atuaram durante toda a manh\u00e3 para ampliar a prote\u00e7\u00e3o dos animais e, consequentemente, da popula\u00e7\u00e3o.<\/p>\n<p class=\"isSelectedEnd\">A vacina\u00e7\u00e3o antirr\u00e1bica \u00e9 uma das principais medidas de preven\u00e7\u00e3o contra a raiva, doen\u00e7a infecciosa grave que pode atingir mam\u00edferos e ser transmitida dos animais para os seres humanos.<\/p>\n<p class=\"isSelectedEnd\">Com a expressiva participa\u00e7\u00e3o dos tutores durante o Dia D, a gest\u00e3o municipal refor\u00e7a a import\u00e2ncia da conscientiza\u00e7\u00e3o e do cuidado respons\u00e1vel com os animais.<\/p>\n<p class=\"isSelectedEnd\">A campanha, no entanto, n\u00e3o termina com a mobiliza\u00e7\u00e3o deste s\u00e1bado. A partir do dia 2 de setembro, as equipes dar\u00e3o continuidade \u00e0 vacina\u00e7\u00e3o na zona rural de Gurj\u00e3o, seguindo programa\u00e7\u00e3o que ser\u00e1 repassada \u00e0 popula\u00e7\u00e3o com o apoio e a orienta\u00e7\u00e3o dos Agentes Comunit\u00e1rios de Sa\u00fade.<\/p>\n<p class=\"isSelectedEnd\">A Prefeitura de Gurj\u00e3o orienta os moradores a ficarem atentos ao cronograma e levarem seus c\u00e3es e gatos para receber a vacina, fortalecendo a preven\u00e7\u00e3o da raiva em todo o munic\u00edpio.<\/p>\n<p>\u201cVacinar \u00e9 cuidar, proteger e prevenir. Vacine seu melhor amigo e proteja quem voc\u00ea ama\u201d, refor\u00e7a a gest\u00e3o municipal.<\/p>\n<p><strong>CARIRI EM A\u00c7\u00c3O<\/strong><\/p>\n","protected":false},"excerpt":{"rendered":"<p>A Prefeitura de Gurj\u00e3o, por meio da Secretaria Municipal de Sa\u00fade, realizou na manh\u00e3 deste s\u00e1bado (29) o Dia D da Campanha de Vacina\u00e7\u00e3o Antirr\u00e1bica. A mobiliza\u00e7\u00e3o aconteceu na Academia de Sa\u00fade e garantiu a imuniza\u00e7\u00e3o de mais de 300 c\u00e3es e gatos do munic\u00edpio. A a\u00e7\u00e3o contou com a participa\u00e7\u00e3o das equipes de sa\u00fade e do m\u00e9dico-veterin\u00e1rio do munic\u00edpio, Valdemar Cavalcante, que atuaram durante toda a manh\u00e3 para ampliar a prote\u00e7\u00e3o dos animais e, consequentemente, da popula\u00e7\u00e3o. A vacina\u00e7\u00e3o antirr\u00e1bica \u00e9 uma das principais medidas de preven\u00e7\u00e3o contra a raiva, doen\u00e7a infecciosa grave que pode atingir mam\u00edferos e ser transmitida dos animais para os seres humanos. Com a expressiva participa\u00e7\u00e3o dos tutores durante o Dia D, a gest\u00e3o municipal refor\u00e7a a import\u00e2ncia da conscientiza\u00e7\u00e3o e do cuidado respons\u00e1vel com os animais. A campanha, no entanto, n\u00e3o termina com a mobiliza\u00e7\u00e3o deste s\u00e1bado. A partir do dia 2 de setembro, as equipes dar\u00e3o continuidade \u00e0 vacina\u00e7\u00e3o na zona rural de Gurj\u00e3o, seguindo programa\u00e7\u00e3o que ser\u00e1 repassada \u00e0 popula\u00e7\u00e3o com o apoio e a orienta\u00e7\u00e3o dos Agentes Comunit\u00e1rios de Sa\u00fade. A Prefeitura de Gurj\u00e3o orienta os moradores a ficarem atentos ao cronograma e levarem seus c\u00e3es e gatos para receber a vacina, fortalecendo a preven\u00e7\u00e3o da raiva em todo o munic\u00edpio. \u201cVacinar \u00e9 cuidar, proteger e prevenir. Vacine seu melhor amigo e proteja quem voc\u00ea ama\u201d, refor\u00e7a a gest\u00e3o municipal. CARIRI EM A\u00c7\u00c3O<\/p>\n","protected":false},"author":6,"featured_media":320962,"comment_status":"closed","ping_status":"closed","sticky":false,"template":"","format":"standard","meta":{"sfsi_plus_gutenberg_text_before_share":"","sfsi_plus_gutenberg_show_text_before_share":"","sfsi_plus_gutenberg_icon_type":"","sfsi_plus_gutenberg_icon_alignemt":"","sfsi_plus_gutenburg_max_per_row":"","footnotes":""},"categories":[6],"tags":[],"class_list":["post-320961","post","type-post","status-publish","format-standard","has-post-thumbnail","hentry","category-cidades"],"_links":{"self":[{"href":"https:\/\/www.caririemacao.com\/1\/wp-json\/wp\/v2\/posts\/320961","targetHints":{"allow":["GET"]}}],"collection":[{"href":"https:\/\/www.caririemacao.com\/1\/wp-json\/wp\/v2\/posts"}],"about":[{"href":"https:\/\/www.caririemacao.com\/1\/wp-json\/wp\/v2\/types\/post"}],"author":[{"embeddable":true,"href":"https:\/\/www.caririemacao.com\/1\/wp-json\/wp\/v2\/users\/6"}],"replies":[{"embeddable":true,"href":"https:\/\/www.caririemacao.com\/1\/wp-json\/wp\/v2\/comments?post=320961"}],"version-history":[{"count":1,"href":"https:\/\/www.caririemacao.com\/1\/wp-json\/wp\/v2\/posts\/320961\/revisions"}],"predecessor-version":[{"id":320963,"href":"https:\/\/www.caririemacao.com\/1\/wp-json\/wp\/v2\/posts\/320961\/revisions\/320963"}],"wp:featuredmedia":[{"embeddable":true,"href":"https:\/\/www.caririemacao.com\/1\/wp-json\/wp\/v2\/media\/320962"}],"wp:attachment":[{"href":"https:\/\/www.caririemacao.com\/1\/wp-json\/wp\/v2\/media?parent=320961"}],"wp:term":[{"taxonomy":"category","embeddable":true,"href":"https:\/\/www.caririemacao.com\/1\/wp-json\/wp\/v2\/categories?post=320961"},{"taxonomy":"post_tag","embeddable":true,"href":"https:\/\/www.caririemacao.com\/1\/wp-json\/wp\/v2\/tags?post=320961"}],"curies":[{"name":"wp","href":"https:\/\/api.w.org\/{rel}","templated":true}]}}