{"id":320964,"date":"2026-08-30T14:57:09","date_gmt":"2026-08-30T17:57:09","guid":{"rendered":"https:\/\/www.caririemacao.com\/1\/?p=320964"},"modified":"2026-08-30T14:57:09","modified_gmt":"2026-08-30T17:57:09","slug":"grande-publico-prestigia-tradicional-festa-de-barreiras-em-caraubas","status":"publish","type":"post","link":"https:\/\/www.caririemacao.com\/1\/2026\/08\/30\/grande-publico-prestigia-tradicional-festa-de-barreiras-em-caraubas\/","title":{"rendered":"Grande p\u00fablico prestigia tradicional Festa de Barreiras, em Cara\u00fabas"},"content":{"rendered":"<p class=\"isSelectedEnd\">A Prefeitura de Cara\u00fabas realizou, na noite do \u00faltimo s\u00e1bado (29), mais uma edi\u00e7\u00e3o da Tradicional Festa de Barreiras, no Distrito de Barreiras. O evento reuniu um grande p\u00fablico e proporcionou uma noite marcada por m\u00fasica, cultura, tradi\u00e7\u00e3o e confraterniza\u00e7\u00e3o.<\/p>\n<p class=\"isSelectedEnd\">Moradores do distrito, da sede do munic\u00edpio, de comunidades rurais e visitantes de cidades da regi\u00e3o prestigiaram a programa\u00e7\u00e3o, movimentando Barreiras e mantendo viva uma das celebra\u00e7\u00f5es que fazem parte do calend\u00e1rio festivo de Cara\u00fabas.<\/p>\n<p class=\"isSelectedEnd\">A programa\u00e7\u00e3o musical contou com apresenta\u00e7\u00f5es de Leandro Pinga Fogo, Leidinha Santos, Gal\u00edcia, Marquinhos da Serrinha e Thais Gomes, garantindo anima\u00e7\u00e3o durante a festa.<\/p>\n<p class=\"isSelectedEnd\">O prefeito Nerivan Gari celebrou o sucesso do evento e destacou a import\u00e2ncia de valorizar as tradi\u00e7\u00f5es das comunidades do munic\u00edpio.<\/p>\n<p class=\"isSelectedEnd\">\u201cFoi uma noite muito especial em Barreiras, com um grande p\u00fablico participando e celebrando conosco. Ficamos felizes em ver as fam\u00edlias reunidas, os visitantes chegando e essa tradi\u00e7\u00e3o sendo fortalecida a cada ano. A Prefeitura continuar\u00e1 apoiando e valorizando as festas que fazem parte da hist\u00f3ria e da identidade do nosso povo\u201d, afirmou Nerivan.<\/p>\n<p class=\"isSelectedEnd\">Al\u00e9m de proporcionar lazer e entretenimento, a realiza\u00e7\u00e3o da festa contribui para movimentar a comunidade e fortalecer as manifesta\u00e7\u00f5es culturais e tradicionais do munic\u00edpio.<\/p>\n<p>A Prefeitura de Cara\u00fabas agradeceu a participa\u00e7\u00e3o da popula\u00e7\u00e3o, das equipes envolvidas na organiza\u00e7\u00e3o e de todos que contribu\u00edram para a realiza\u00e7\u00e3o de mais uma edi\u00e7\u00e3o da Tradicional Festa de Barreiras.<\/p>\n<p><strong>CARIRI EM A\u00c7\u00c3O<\/strong><\/p>\n","protected":false},"excerpt":{"rendered":"<p>A Prefeitura de Cara\u00fabas realizou, na noite do \u00faltimo s\u00e1bado (29), mais uma edi\u00e7\u00e3o da Tradicional Festa de Barreiras, no Distrito de Barreiras. O evento reuniu um grande p\u00fablico e proporcionou uma noite marcada por m\u00fasica, cultura, tradi\u00e7\u00e3o e confraterniza\u00e7\u00e3o. Moradores do distrito, da sede do munic\u00edpio, de comunidades rurais e visitantes de cidades da regi\u00e3o prestigiaram a programa\u00e7\u00e3o, movimentando Barreiras e mantendo viva uma das celebra\u00e7\u00f5es que fazem parte do calend\u00e1rio festivo de Cara\u00fabas. A programa\u00e7\u00e3o musical contou com apresenta\u00e7\u00f5es de Leandro Pinga Fogo, Leidinha Santos, Gal\u00edcia, Marquinhos da Serrinha e Thais Gomes, garantindo anima\u00e7\u00e3o durante a festa. O prefeito Nerivan Gari celebrou o sucesso do evento e destacou a import\u00e2ncia de valorizar as tradi\u00e7\u00f5es das comunidades do munic\u00edpio. \u201cFoi uma noite muito especial em Barreiras, com um grande p\u00fablico participando e celebrando conosco. Ficamos felizes em ver as fam\u00edlias reunidas, os visitantes chegando e essa tradi\u00e7\u00e3o sendo fortalecida a cada ano. A Prefeitura continuar\u00e1 apoiando e valorizando as festas que fazem parte da hist\u00f3ria e da identidade do nosso povo\u201d, afirmou Nerivan. Al\u00e9m de proporcionar lazer e entretenimento, a realiza\u00e7\u00e3o da festa contribui para movimentar a comunidade e fortalecer as manifesta\u00e7\u00f5es culturais e tradicionais do munic\u00edpio. A Prefeitura de Cara\u00fabas agradeceu a participa\u00e7\u00e3o da popula\u00e7\u00e3o, das equipes envolvidas na organiza\u00e7\u00e3o e de todos que contribu\u00edram para a realiza\u00e7\u00e3o de mais uma edi\u00e7\u00e3o da Tradicional Festa de Barreiras. CARIRI EM A\u00c7\u00c3O<\/p>\n","protected":false},"author":6,"featured_media":320965,"comment_status":"closed","ping_status":"closed","sticky":false,"template":"","format":"standard","meta":{"sfsi_plus_gutenberg_text_before_share":"","sfsi_plus_gutenberg_show_text_before_share":"","sfsi_plus_gutenberg_icon_type":"","sfsi_plus_gutenberg_icon_alignemt":"","sfsi_plus_gutenburg_max_per_row":"","footnotes":""},"categories":[6],"tags":[],"class_list":["post-320964","post","type-post","status-publish","format-standard","has-post-thumbnail","hentry","category-cidades"],"_links":{"self":[{"href":"https:\/\/www.caririemacao.com\/1\/wp-json\/wp\/v2\/posts\/320964","targetHints":{"allow":["GET"]}}],"collection":[{"href":"https:\/\/www.caririemacao.com\/1\/wp-json\/wp\/v2\/posts"}],"about":[{"href":"https:\/\/www.caririemacao.com\/1\/wp-json\/wp\/v2\/types\/post"}],"author":[{"embeddable":true,"href":"https:\/\/www.caririemacao.com\/1\/wp-json\/wp\/v2\/users\/6"}],"replies":[{"embeddable":true,"href":"https:\/\/www.caririemacao.com\/1\/wp-json\/wp\/v2\/comments?post=320964"}],"version-history":[{"count":1,"href":"https:\/\/www.caririemacao.com\/1\/wp-json\/wp\/v2\/posts\/320964\/revisions"}],"predecessor-version":[{"id":320966,"href":"https:\/\/www.caririemacao.com\/1\/wp-json\/wp\/v2\/posts\/320964\/revisions\/320966"}],"wp:featuredmedia":[{"embeddable":true,"href":"https:\/\/www.caririemacao.com\/1\/wp-json\/wp\/v2\/media\/320965"}],"wp:attachment":[{"href":"https:\/\/www.caririemacao.com\/1\/wp-json\/wp\/v2\/media?parent=320964"}],"wp:term":[{"taxonomy":"category","embeddable":true,"href":"https:\/\/www.caririemacao.com\/1\/wp-json\/wp\/v2\/categories?post=320964"},{"taxonomy":"post_tag","embeddable":true,"href":"https:\/\/www.caririemacao.com\/1\/wp-json\/wp\/v2\/tags?post=320964"}],"curies":[{"name":"wp","href":"https:\/\/api.w.org\/{rel}","templated":true}]}}