{"id":320967,"date":"2026-08-30T15:00:46","date_gmt":"2026-08-30T18:00:46","guid":{"rendered":"https:\/\/www.caririemacao.com\/1\/?p=320967"},"modified":"2026-08-30T15:00:46","modified_gmt":"2026-08-30T18:00:46","slug":"presidenciavel-mostra-exemplo-na-paraiba-que-e-possivel-acabar-a-6x1-e-aumentar-minimo","status":"publish","type":"post","link":"https:\/\/www.caririemacao.com\/1\/2026\/08\/30\/presidenciavel-mostra-exemplo-na-paraiba-que-e-possivel-acabar-a-6x1-e-aumentar-minimo\/","title":{"rendered":"Presidenci\u00e1vel mostra exemplo na Para\u00edba que \u00e9 poss\u00edvel acabar a 6\u00d71 e aumentar m\u00ednimo"},"content":{"rendered":"<p class=\"isSelectedEnd\">Ao cumprir agenda em Jo\u00e3o Pessoa, neste domingo (30), a candidata a presidente da Rep\u00fablica, Samara Martins (UP), lembrou que recentemente os trabalhadores da limpeza urbana na Para\u00edba conquistaram jornada de trabalho 5 x 2, com reajuste salarial, depois de mobiliza\u00e7\u00e3o da categoria.<\/p>\n<p class=\"isSelectedEnd\">De acordo com Samara, o exemplo que vem da Para\u00edba mostra que \u00e9 poss\u00edvel implementar mudan\u00e7as nas regras trabalhistas sem onerar o trabalhador. Al\u00e9m da redu\u00e7\u00e3o da jornada, Samara Martins defende o dobro do valor do sal\u00e1rio m\u00ednimo, que hoje \u00e9 de R$ 1.621.<\/p>\n<p class=\"isSelectedEnd\">\u201c\u00c9 poss\u00edvel porque o Sindicato da Limpeza Urbana aqui da Para\u00edba garantiu, com a luta e a greve, a jornada 5 x 2 com aumento de sal\u00e1rio. Aqui na Para\u00edba, a remunera\u00e7\u00e3o dos trabalhadores da limpeza urbana \u00e9 exatamente o valor da nossa proposta de 100% do aumento do sal\u00e1rio m\u00ednimo. Ent\u00e3o \u00e9 com luta e organiza\u00e7\u00e3o\u201d, destacou em discurso.<\/p>\n<p class=\"isSelectedEnd\">Samara Martins atribui ainda a conquista na Para\u00edba \u00e0 mobiliza\u00e7\u00e3o feminina, com mulheres que estiveram na \u201clinha de frente\u201d por mais direitos trabalhistas.<\/p>\n<p class=\"isSelectedEnd\">\u201cGarantir acabar com a 6 x 1 \u00e9 fazer com que n\u00f3s, m\u00e3es, tenhamos mais tempo com nossos filhos e tenhamos qualidade de vida, porque pesa sobre n\u00f3s todas as tarefas do lar\u201d, enfatizou.<\/p>\n<p class=\"isSelectedEnd\">Depois de participar de um caf\u00e9 da manh\u00e3 com apoiadores, Samara Martins participou de uma carreata que percorreu as principais ruas da Capital paraibana.<\/p>\n<p>&nbsp;<\/p>\n<p><em>Com MaisPB<\/em><\/p>\n","protected":false},"excerpt":{"rendered":"<p>Ao cumprir agenda em Jo\u00e3o Pessoa, neste domingo (30), a candidata a presidente da Rep\u00fablica, Samara Martins (UP), lembrou que recentemente os trabalhadores da limpeza urbana na Para\u00edba conquistaram jornada de trabalho 5 x 2, com reajuste salarial, depois de mobiliza\u00e7\u00e3o da categoria. De acordo com Samara, o exemplo que vem da Para\u00edba mostra que \u00e9 poss\u00edvel implementar mudan\u00e7as nas regras trabalhistas sem onerar o trabalhador. Al\u00e9m da redu\u00e7\u00e3o da jornada, Samara Martins defende o dobro do valor do sal\u00e1rio m\u00ednimo, que hoje \u00e9 de R$ 1.621. \u201c\u00c9 poss\u00edvel porque o Sindicato da Limpeza Urbana aqui da Para\u00edba garantiu, com a luta e a greve, a jornada 5 x 2 com aumento de sal\u00e1rio. Aqui na Para\u00edba, a remunera\u00e7\u00e3o dos trabalhadores da limpeza urbana \u00e9 exatamente o valor da nossa proposta de 100% do aumento do sal\u00e1rio m\u00ednimo. Ent\u00e3o \u00e9 com luta e organiza\u00e7\u00e3o\u201d, destacou em discurso. Samara Martins atribui ainda a conquista na Para\u00edba \u00e0 mobiliza\u00e7\u00e3o feminina, com mulheres que estiveram na \u201clinha de frente\u201d por mais direitos trabalhistas. \u201cGarantir acabar com a 6 x 1 \u00e9 fazer com que n\u00f3s, m\u00e3es, tenhamos mais tempo com nossos filhos e tenhamos qualidade de vida, porque pesa sobre n\u00f3s todas as tarefas do lar\u201d, enfatizou. Depois de participar de um caf\u00e9 da manh\u00e3 com apoiadores, Samara Martins participou de uma carreata que percorreu as principais ruas da Capital paraibana. &nbsp; Com MaisPB<\/p>\n","protected":false},"author":6,"featured_media":320968,"comment_status":"closed","ping_status":"closed","sticky":false,"template":"","format":"standard","meta":{"sfsi_plus_gutenberg_text_before_share":"","sfsi_plus_gutenberg_show_text_before_share":"","sfsi_plus_gutenberg_icon_type":"","sfsi_plus_gutenberg_icon_alignemt":"","sfsi_plus_gutenburg_max_per_row":"","footnotes":""},"categories":[104],"tags":[],"class_list":["post-320967","post","type-post","status-publish","format-standard","has-post-thumbnail","hentry","category-paraiba"],"_links":{"self":[{"href":"https:\/\/www.caririemacao.com\/1\/wp-json\/wp\/v2\/posts\/320967","targetHints":{"allow":["GET"]}}],"collection":[{"href":"https:\/\/www.caririemacao.com\/1\/wp-json\/wp\/v2\/posts"}],"about":[{"href":"https:\/\/www.caririemacao.com\/1\/wp-json\/wp\/v2\/types\/post"}],"author":[{"embeddable":true,"href":"https:\/\/www.caririemacao.com\/1\/wp-json\/wp\/v2\/users\/6"}],"replies":[{"embeddable":true,"href":"https:\/\/www.caririemacao.com\/1\/wp-json\/wp\/v2\/comments?post=320967"}],"version-history":[{"count":1,"href":"https:\/\/www.caririemacao.com\/1\/wp-json\/wp\/v2\/posts\/320967\/revisions"}],"predecessor-version":[{"id":320969,"href":"https:\/\/www.caririemacao.com\/1\/wp-json\/wp\/v2\/posts\/320967\/revisions\/320969"}],"wp:featuredmedia":[{"embeddable":true,"href":"https:\/\/www.caririemacao.com\/1\/wp-json\/wp\/v2\/media\/320968"}],"wp:attachment":[{"href":"https:\/\/www.caririemacao.com\/1\/wp-json\/wp\/v2\/media?parent=320967"}],"wp:term":[{"taxonomy":"category","embeddable":true,"href":"https:\/\/www.caririemacao.com\/1\/wp-json\/wp\/v2\/categories?post=320967"},{"taxonomy":"post_tag","embeddable":true,"href":"https:\/\/www.caririemacao.com\/1\/wp-json\/wp\/v2\/tags?post=320967"}],"curies":[{"name":"wp","href":"https:\/\/api.w.org\/{rel}","templated":true}]}}