{"id":320970,"date":"2026-08-30T15:02:42","date_gmt":"2026-08-30T18:02:42","guid":{"rendered":"https:\/\/www.caririemacao.com\/1\/?p=320970"},"modified":"2026-08-30T15:02:42","modified_gmt":"2026-08-30T18:02:42","slug":"homem-e-preso-apos-furto-a-residencia-em-sao-domingos-do-cariri","status":"publish","type":"post","link":"https:\/\/www.caririemacao.com\/1\/2026\/08\/30\/homem-e-preso-apos-furto-a-residencia-em-sao-domingos-do-cariri\/","title":{"rendered":"Homem \u00e9 preso ap\u00f3s furto a resid\u00eancia em S\u00e3o Domingos do Cariri"},"content":{"rendered":"<p class=\"wp-block-paragraph\">Neste s\u00e1bado (29), por volta das 18h, policiais militares do 18\u00ba BPM foram acionados via CICC para averiguar uma den\u00fancia de furto a uma resid\u00eancia no S\u00edtio Malhada do Meio, em S\u00e3o Domingos do Cariri.<\/p>\n<p class=\"wp-block-paragraph\">Segundo a v\u00edtima, foram subtra\u00eddos R$ 1.000,00, al\u00e9m de algumas telhas do im\u00f3vel. Durante a fuga, o suspeito teria deixado uma faca peixeira e um chap\u00e9u no interior da resid\u00eancia.<\/p>\n<p class=\"wp-block-paragraph\">Ap\u00f3s dilig\u00eancias, os policiais localizaram o suspeito no S\u00edtio Barro Vermelho, onde ele confessou a pr\u00e1tica do furto. O homem e a v\u00edtima foram conduzidos \u00e0 Delegacia de Pol\u00edcia Civil de Queimadas para os procedimentos cab\u00edveis.<\/p>\n<p class=\"wp-block-paragraph\">\n<p class=\"wp-block-paragraph\">Com 18\u00ba BPM<\/p>\n","protected":false},"excerpt":{"rendered":"<p>Neste s\u00e1bado (29), por volta das 18h, policiais militares do 18\u00ba BPM foram acionados via CICC para averiguar uma den\u00fancia de furto a uma resid\u00eancia no S\u00edtio Malhada do Meio, em S\u00e3o Domingos do Cariri. Segundo a v\u00edtima, foram subtra\u00eddos R$ 1.000,00, al\u00e9m de algumas telhas do im\u00f3vel. Durante a fuga, o suspeito teria deixado uma faca peixeira e um chap\u00e9u no interior da resid\u00eancia. Ap\u00f3s dilig\u00eancias, os policiais localizaram o suspeito no S\u00edtio Barro Vermelho, onde ele confessou a pr\u00e1tica do furto. O homem e a v\u00edtima foram conduzidos \u00e0 Delegacia de Pol\u00edcia Civil de Queimadas para os procedimentos cab\u00edveis. Com 18\u00ba BPM<\/p>\n","protected":false},"author":6,"featured_media":320971,"comment_status":"closed","ping_status":"closed","sticky":false,"template":"","format":"standard","meta":{"sfsi_plus_gutenberg_text_before_share":"","sfsi_plus_gutenberg_show_text_before_share":"","sfsi_plus_gutenberg_icon_type":"","sfsi_plus_gutenberg_icon_alignemt":"","sfsi_plus_gutenburg_max_per_row":"","footnotes":""},"categories":[106],"tags":[],"class_list":["post-320970","post","type-post","status-publish","format-standard","has-post-thumbnail","hentry","category-cariri"],"_links":{"self":[{"href":"https:\/\/www.caririemacao.com\/1\/wp-json\/wp\/v2\/posts\/320970","targetHints":{"allow":["GET"]}}],"collection":[{"href":"https:\/\/www.caririemacao.com\/1\/wp-json\/wp\/v2\/posts"}],"about":[{"href":"https:\/\/www.caririemacao.com\/1\/wp-json\/wp\/v2\/types\/post"}],"author":[{"embeddable":true,"href":"https:\/\/www.caririemacao.com\/1\/wp-json\/wp\/v2\/users\/6"}],"replies":[{"embeddable":true,"href":"https:\/\/www.caririemacao.com\/1\/wp-json\/wp\/v2\/comments?post=320970"}],"version-history":[{"count":1,"href":"https:\/\/www.caririemacao.com\/1\/wp-json\/wp\/v2\/posts\/320970\/revisions"}],"predecessor-version":[{"id":320972,"href":"https:\/\/www.caririemacao.com\/1\/wp-json\/wp\/v2\/posts\/320970\/revisions\/320972"}],"wp:featuredmedia":[{"embeddable":true,"href":"https:\/\/www.caririemacao.com\/1\/wp-json\/wp\/v2\/media\/320971"}],"wp:attachment":[{"href":"https:\/\/www.caririemacao.com\/1\/wp-json\/wp\/v2\/media?parent=320970"}],"wp:term":[{"taxonomy":"category","embeddable":true,"href":"https:\/\/www.caririemacao.com\/1\/wp-json\/wp\/v2\/categories?post=320970"},{"taxonomy":"post_tag","embeddable":true,"href":"https:\/\/www.caririemacao.com\/1\/wp-json\/wp\/v2\/tags?post=320970"}],"curies":[{"name":"wp","href":"https:\/\/api.w.org\/{rel}","templated":true}]}}