{"id":320987,"date":"2026-08-31T06:00:19","date_gmt":"2026-08-31T09:00:19","guid":{"rendered":"https:\/\/www.caririemacao.com\/1\/?p=320987"},"modified":"2026-08-31T07:39:18","modified_gmt":"2026-08-31T10:39:18","slug":"conheca-a-historia-do-brasileiro-que-se-elegeu-sem-sequer-votar-em-si-mesmo","status":"publish","type":"post","link":"https:\/\/www.caririemacao.com\/1\/2026\/08\/31\/conheca-a-historia-do-brasileiro-que-se-elegeu-sem-sequer-votar-em-si-mesmo\/","title":{"rendered":"Conhe\u00e7a a hist\u00f3ria do brasileiro que se elegeu sem sequer votar em si mesmo"},"content":{"rendered":"<p style=\"text-align: center;\"><em>Caso curioso aconteceu na\u00a0redemocratiza\u00e7\u00e3o do pa\u00eds ap\u00f3s o fim do Estado Novo, quando os eleitores foram \u00e0s urnas<\/em><\/p>\n<p class=\"wp-block-paragraph\">As regras do\u00a0sistema eleitoral brasileiro\u00a0costumam reservar surpresas matem\u00e1ticas e curiosidades que parecem improv\u00e1veis. Entre os epis\u00f3dios mais impressionantes da hist\u00f3ria pol\u00edtica brasileira est\u00e1 o de\u00a0Hermelindo Castelo Branco, que conquistou uma cadeira no\u00a0Congresso Nacional nas elei\u00e7\u00f5es de 1945\u00a0sem ter recebido\u00a0um \u00fanico voto nominal\u00a0\u2014 nem mesmo o dele.<\/p>\n<p class=\"wp-block-paragraph\">O caso curioso aconteceu na\u00a0redemocratiza\u00e7\u00e3o do pa\u00eds ap\u00f3s o fim do Estado Novo, quando os eleitores foram \u00e0s urnas em 2 de dezembro de 1945 para eleger o presidente da Rep\u00fablica e os deputados federais da Assembleia Nacional Constituinte de 1946.<\/p>\n<h2 class=\"wp-block-heading\">Como a elei\u00e7\u00e3o sem votos foi poss\u00edvel?<\/h2>\n<p class=\"wp-block-paragraph\">Hermelindo candidatou-se a deputado federal pelo\u00a0PSD (Partido Social Democr\u00e1tico)\u00a0pelo ent\u00e3o Territ\u00f3rio Federal do Acre. Naquela \u00e9poca, o sistema de representa\u00e7\u00e3o proporcional seguia l\u00f3gicas matem\u00e1ticas estritas baseadas na for\u00e7a dos partidos e das legendas.<\/p>\n<p class=\"wp-block-paragraph\">O cen\u00e1rio que permitiu a vit\u00f3ria sem votos envolveu tr\u00eas fatores principais:<\/p>\n<p class=\"wp-block-paragraph\">Vota\u00e7\u00e3o massiva da legenda:\u00a0O PSD teve um desempenho expressivo no Acre,\u00a0impulsionado por outro candidato do partido (Hugo Ribeiro Carneiro), que obteve uma vota\u00e7\u00e3o expressiva.<\/p>\n<p class=\"wp-block-paragraph\">Quociente eleitoral elevado:\u00a0A soma dos votos dados ao partido gerou um quociente eleitoral t\u00e3o alto que garantiu \u00e0 sigla v\u00e1rias vagas na C\u00e2mara dos Deputados.<\/p>\n<p class=\"wp-block-paragraph\">Distribui\u00e7\u00e3o de sobras:\u00a0Como o partido conquistou mais cadeiras do que o n\u00famero de candidatos populares com votos expressivos, as chamadas \u201csobras de partido\u201d foram distribu\u00eddas entre os demais nomes registrados na nominata da legenda.<\/p>\n<p class=\"wp-block-paragraph\">Com o nome preenchendo a lista partid\u00e1ria, Hermelindo acabou sendo beneficiado pelas regras matem\u00e1ticas das sobras e foi formalmente declarado eleito, mesmo contabilizando zero voto individual na urna.<\/p>\n<h2 class=\"wp-block-heading\">Atua\u00e7\u00e3o no Congresso<\/h2>\n<p class=\"wp-block-paragraph\">Apesar de ter chegado ao cargo por uma anomalia estat\u00edstica e sem o endosso direto dos eleitores,\u00a0Hermelindo Castelo Branco exerceu suas fun\u00e7\u00f5es parlamentares normalmente.\u00a0Ele participou dos trabalhos da Constituinte de 1946, integrou comiss\u00f5es voltadas para o desenvolvimento regional \u2014 como a Comiss\u00e3o Especial de Valoriza\u00e7\u00e3o da Amaz\u00f4nia \u2014 e presidiu a Comiss\u00e3o Permanente de Legisla\u00e7\u00e3o Social da C\u00e2mara. Com o fim dos trabalhos constituintes, permaneceu no cargo durante todo o mandato ordin\u00e1rio, at\u00e9 1951.<\/p>\n<p class=\"wp-block-paragraph\">O epis\u00f3dio permanece at\u00e9 hoje como um dos maiores cl\u00e1ssicos nos manuais de direito eleitoral brasileiro, ilustrando o peso que a for\u00e7a partid\u00e1ria e o sistema proporcional podem ter sobre os votos nominais.<\/p>\n","protected":false},"excerpt":{"rendered":"<p>Caso curioso aconteceu na\u00a0redemocratiza\u00e7\u00e3o do pa\u00eds ap\u00f3s o fim do Estado Novo, quando os eleitores foram \u00e0s urnas As regras do\u00a0sistema eleitoral brasileiro\u00a0costumam reservar surpresas matem\u00e1ticas e curiosidades que parecem improv\u00e1veis. Entre os epis\u00f3dios mais impressionantes da hist\u00f3ria pol\u00edtica brasileira est\u00e1 o de\u00a0Hermelindo Castelo Branco, que conquistou uma cadeira no\u00a0Congresso Nacional nas elei\u00e7\u00f5es de 1945\u00a0sem ter recebido\u00a0um \u00fanico voto nominal\u00a0\u2014 nem mesmo o dele. O caso curioso aconteceu na\u00a0redemocratiza\u00e7\u00e3o do pa\u00eds ap\u00f3s o fim do Estado Novo, quando os eleitores foram \u00e0s urnas em 2 de dezembro de 1945 para eleger o presidente da Rep\u00fablica e os deputados federais da Assembleia Nacional Constituinte de 1946. Como a elei\u00e7\u00e3o sem votos foi poss\u00edvel? Hermelindo candidatou-se a deputado federal pelo\u00a0PSD (Partido Social Democr\u00e1tico)\u00a0pelo ent\u00e3o Territ\u00f3rio Federal do Acre. Naquela \u00e9poca, o sistema de representa\u00e7\u00e3o proporcional seguia l\u00f3gicas matem\u00e1ticas estritas baseadas na for\u00e7a dos partidos e das legendas. O cen\u00e1rio que permitiu a vit\u00f3ria sem votos envolveu tr\u00eas fatores principais: Vota\u00e7\u00e3o massiva da legenda:\u00a0O PSD teve um desempenho expressivo no Acre,\u00a0impulsionado por outro candidato do partido (Hugo Ribeiro Carneiro), que obteve uma vota\u00e7\u00e3o expressiva. Quociente eleitoral elevado:\u00a0A soma dos votos dados ao partido gerou um quociente eleitoral t\u00e3o alto que garantiu \u00e0 sigla v\u00e1rias vagas na C\u00e2mara dos Deputados. Distribui\u00e7\u00e3o de sobras:\u00a0Como o partido conquistou mais cadeiras do que o n\u00famero de candidatos populares com votos expressivos, as chamadas \u201csobras de partido\u201d foram distribu\u00eddas entre os demais nomes registrados na nominata da legenda. Com o nome preenchendo a lista partid\u00e1ria, Hermelindo acabou sendo beneficiado pelas regras matem\u00e1ticas das sobras e foi formalmente declarado eleito, mesmo contabilizando zero voto individual na urna. Atua\u00e7\u00e3o no Congresso Apesar de ter chegado ao cargo por uma anomalia estat\u00edstica e sem o endosso direto dos eleitores,\u00a0Hermelindo Castelo Branco exerceu suas fun\u00e7\u00f5es parlamentares normalmente.\u00a0Ele participou dos trabalhos da Constituinte de 1946, integrou comiss\u00f5es voltadas para o desenvolvimento regional \u2014 como a Comiss\u00e3o Especial de Valoriza\u00e7\u00e3o da Amaz\u00f4nia \u2014 e presidiu a Comiss\u00e3o Permanente de Legisla\u00e7\u00e3o Social da C\u00e2mara. Com o fim dos trabalhos constituintes, permaneceu no cargo durante todo o mandato ordin\u00e1rio, at\u00e9 1951. O epis\u00f3dio permanece at\u00e9 hoje como um dos maiores cl\u00e1ssicos nos manuais de direito eleitoral brasileiro, ilustrando o peso que a for\u00e7a partid\u00e1ria e o sistema proporcional podem ter sobre os votos nominais.<\/p>\n","protected":false},"author":6,"featured_media":320988,"comment_status":"closed","ping_status":"closed","sticky":false,"template":"","format":"standard","meta":{"sfsi_plus_gutenberg_text_before_share":"","sfsi_plus_gutenberg_show_text_before_share":"","sfsi_plus_gutenberg_icon_type":"","sfsi_plus_gutenberg_icon_alignemt":"","sfsi_plus_gutenburg_max_per_row":"","footnotes":""},"categories":[123],"tags":[],"class_list":["post-320987","post","type-post","status-publish","format-standard","has-post-thumbnail","hentry","category-brasil"],"_links":{"self":[{"href":"https:\/\/www.caririemacao.com\/1\/wp-json\/wp\/v2\/posts\/320987","targetHints":{"allow":["GET"]}}],"collection":[{"href":"https:\/\/www.caririemacao.com\/1\/wp-json\/wp\/v2\/posts"}],"about":[{"href":"https:\/\/www.caririemacao.com\/1\/wp-json\/wp\/v2\/types\/post"}],"author":[{"embeddable":true,"href":"https:\/\/www.caririemacao.com\/1\/wp-json\/wp\/v2\/users\/6"}],"replies":[{"embeddable":true,"href":"https:\/\/www.caririemacao.com\/1\/wp-json\/wp\/v2\/comments?post=320987"}],"version-history":[{"count":1,"href":"https:\/\/www.caririemacao.com\/1\/wp-json\/wp\/v2\/posts\/320987\/revisions"}],"predecessor-version":[{"id":320989,"href":"https:\/\/www.caririemacao.com\/1\/wp-json\/wp\/v2\/posts\/320987\/revisions\/320989"}],"wp:featuredmedia":[{"embeddable":true,"href":"https:\/\/www.caririemacao.com\/1\/wp-json\/wp\/v2\/media\/320988"}],"wp:attachment":[{"href":"https:\/\/www.caririemacao.com\/1\/wp-json\/wp\/v2\/media?parent=320987"}],"wp:term":[{"taxonomy":"category","embeddable":true,"href":"https:\/\/www.caririemacao.com\/1\/wp-json\/wp\/v2\/categories?post=320987"},{"taxonomy":"post_tag","embeddable":true,"href":"https:\/\/www.caririemacao.com\/1\/wp-json\/wp\/v2\/tags?post=320987"}],"curies":[{"name":"wp","href":"https:\/\/api.w.org\/{rel}","templated":true}]}}