{"id":321008,"date":"2026-08-31T06:51:53","date_gmt":"2026-08-31T09:51:53","guid":{"rendered":"https:\/\/www.caririemacao.com\/1\/?p=321008"},"modified":"2026-08-31T07:53:04","modified_gmt":"2026-08-31T10:53:04","slug":"idoso-de-80-anos-e-preso-suspeito-de-abusar-sexualmente-da-bisneta-na-paraiba-2","status":"publish","type":"post","link":"https:\/\/www.caririemacao.com\/1\/2026\/08\/31\/idoso-de-80-anos-e-preso-suspeito-de-abusar-sexualmente-da-bisneta-na-paraiba-2\/","title":{"rendered":"Idoso de 80 anos \u00e9 preso suspeito de abusar sexualmente da bisneta na Para\u00edba"},"content":{"rendered":"<div class=\"subtitulo mb-3\"><em><strong>Caso aconteceu em Mana\u00edra, no Sert\u00e3o da Para\u00edba. Justi\u00e7a determinou pris\u00e3o domiciliar preventiva do investigado, com monitoramento eletr\u00f4nico.<\/strong><\/em><\/div>\n<div><\/div>\n<div>\n<p class=\"wp-block-paragraph\">Um idoso de 80 anos foi preso no \u00faltimo s\u00e1bado (29), suspeito de abusar sexualmente da pr\u00f3pria bisneta, de 11 anos, na cidade de Mana\u00edra, no Sert\u00e3o da Para\u00edba.<\/p>\n<p class=\"wp-block-paragraph\">O caso foi denunciado pelos pais da crian\u00e7a e confirmado pelo Conselho Tutelar do munic\u00edpio.<\/p>\n<p class=\"wp-block-paragraph\">A Justi\u00e7a determinou a pris\u00e3o preventiva domiciliar do idoso, com monitoramento eletr\u00f4nico, em raz\u00e3o da idade avan\u00e7ada do investigado. Ele responder\u00e1 pelo crime de estupro de vulner\u00e1vel.<\/p>\n<p>CARIRI EM A\u00c7\u00c3O<\/p>\n<p>Com Portal\u00a0 Correio<\/p>\n<\/div>\n","protected":false},"excerpt":{"rendered":"<p>Caso aconteceu em Mana\u00edra, no Sert\u00e3o da Para\u00edba. Justi\u00e7a determinou pris\u00e3o domiciliar preventiva do investigado, com monitoramento eletr\u00f4nico. Um idoso de 80 anos foi preso no \u00faltimo s\u00e1bado (29), suspeito de abusar sexualmente da pr\u00f3pria bisneta, de 11 anos, na cidade de Mana\u00edra, no Sert\u00e3o da Para\u00edba. O caso foi denunciado pelos pais da crian\u00e7a e confirmado pelo Conselho Tutelar do munic\u00edpio. A Justi\u00e7a determinou a pris\u00e3o preventiva domiciliar do idoso, com monitoramento eletr\u00f4nico, em raz\u00e3o da idade avan\u00e7ada do investigado. Ele responder\u00e1 pelo crime de estupro de vulner\u00e1vel. CARIRI EM A\u00c7\u00c3O Com Portal\u00a0 Correio<\/p>\n","protected":false},"author":6,"featured_media":321009,"comment_status":"closed","ping_status":"closed","sticky":false,"template":"","format":"standard","meta":{"sfsi_plus_gutenberg_text_before_share":"","sfsi_plus_gutenberg_show_text_before_share":"","sfsi_plus_gutenberg_icon_type":"","sfsi_plus_gutenberg_icon_alignemt":"","sfsi_plus_gutenburg_max_per_row":"","footnotes":""},"categories":[50,12],"tags":[],"class_list":["post-321008","post","type-post","status-publish","format-standard","has-post-thumbnail","hentry","category-destaque","category-policia"],"_links":{"self":[{"href":"https:\/\/www.caririemacao.com\/1\/wp-json\/wp\/v2\/posts\/321008","targetHints":{"allow":["GET"]}}],"collection":[{"href":"https:\/\/www.caririemacao.com\/1\/wp-json\/wp\/v2\/posts"}],"about":[{"href":"https:\/\/www.caririemacao.com\/1\/wp-json\/wp\/v2\/types\/post"}],"author":[{"embeddable":true,"href":"https:\/\/www.caririemacao.com\/1\/wp-json\/wp\/v2\/users\/6"}],"replies":[{"embeddable":true,"href":"https:\/\/www.caririemacao.com\/1\/wp-json\/wp\/v2\/comments?post=321008"}],"version-history":[{"count":1,"href":"https:\/\/www.caririemacao.com\/1\/wp-json\/wp\/v2\/posts\/321008\/revisions"}],"predecessor-version":[{"id":321010,"href":"https:\/\/www.caririemacao.com\/1\/wp-json\/wp\/v2\/posts\/321008\/revisions\/321010"}],"wp:featuredmedia":[{"embeddable":true,"href":"https:\/\/www.caririemacao.com\/1\/wp-json\/wp\/v2\/media\/321009"}],"wp:attachment":[{"href":"https:\/\/www.caririemacao.com\/1\/wp-json\/wp\/v2\/media?parent=321008"}],"wp:term":[{"taxonomy":"category","embeddable":true,"href":"https:\/\/www.caririemacao.com\/1\/wp-json\/wp\/v2\/categories?post=321008"},{"taxonomy":"post_tag","embeddable":true,"href":"https:\/\/www.caririemacao.com\/1\/wp-json\/wp\/v2\/tags?post=321008"}],"curies":[{"name":"wp","href":"https:\/\/api.w.org\/{rel}","templated":true}]}}