{"id":321018,"date":"2026-08-31T08:20:39","date_gmt":"2026-08-31T11:20:39","guid":{"rendered":"https:\/\/www.caririemacao.com\/1\/?p=321018"},"modified":"2026-08-31T08:20:39","modified_gmt":"2026-08-31T11:20:39","slug":"acidente-na-br-101-causa-morte-e-ferimentos-tres-vitimas-no-transito","status":"publish","type":"post","link":"https:\/\/www.caririemacao.com\/1\/2026\/08\/31\/acidente-na-br-101-causa-morte-e-ferimentos-tres-vitimas-no-transito\/","title":{"rendered":"Acidente na BR-101 causa morte e ferimentos: tr\u00eas v\u00edtimas no tr\u00e2nsito"},"content":{"rendered":"<p>O ocorrido na noite de domingo, dia 30, em uma regi\u00e3o de liga\u00e7\u00e3o entre as rodovias BR-101 e BR-230, resultou em uma trag\u00e9dia com uma v\u00edtima fatal e duas pessoas feridas. O condutor de um autom\u00f3vel bateu na traseira de um ba\u00fa de caminh\u00e3o e perdeu completamente o controle do ve\u00edculo.<\/p>\n<p>De acordo com relatos, o desastre aconteceu no chamado &#8220;trecho de encontramento&#8221;, local onde uma das rodovias se conecta \u00e0 outra.<\/p>\n<p>As tr\u00eas pessoas que ocupavam o ve\u00edculo pertenciam \u00e0 mesma fam\u00edlia. Trata-se de tr\u00eas irm\u00e3os que estavam viajando na dire\u00e7\u00e3o de Bayeux-Jo\u00e3o Pessoa, retornando para casa ap\u00f3s terem participado de um encontro com parentes.<\/p>\n<p>As autoridades apontaram que o motorista perdeu o controle do carro ap\u00f3s colidir com um caminh\u00e3o cujo ba\u00fa estava estacionado de forma irregular no acostamento.<\/p>\n<p>Entre as v\u00edtimas, uma jovem de 18 anos sofreu ferimentos graves e n\u00e3o sobreviveu ao incidente. O condutor, de 22 anos, e a outra passageira, de 16 anos, foram transportados para o Hospital de Trauma de Jo\u00e3o Pessoa, onde ambos receberam atendimento m\u00e9dico e j\u00e1 foram liberados.<\/p>\n<p><em>Fonte: Portal Correio<\/em><\/p>\n","protected":false},"excerpt":{"rendered":"<p>Um acidente na noite desse domingo (30), em um dos trechos de liga\u00e7\u00e3o entre as BRs-101 e 230, deixou uma pessoa morta e duas feridas. O motorista de um carro bateu na traseira de um ba\u00fa de caminh\u00e3o e perdeu o controle do ve\u00edculo. O acidente aconteceu no chamado \u201ctrecho de encontramento\u201d, onde uma das [\u2026]<\/p>\n","protected":false},"author":0,"featured_media":321019,"comment_status":"closed","ping_status":"closed","sticky":false,"template":"","format":"standard","meta":{"sfsi_plus_gutenberg_text_before_share":"","sfsi_plus_gutenberg_show_text_before_share":"","sfsi_plus_gutenberg_icon_type":"","sfsi_plus_gutenberg_icon_alignemt":"","sfsi_plus_gutenburg_max_per_row":"","footnotes":""},"categories":[12],"tags":[],"class_list":["post-321018","post","type-post","status-publish","format-standard","has-post-thumbnail","hentry","category-policia"],"_links":{"self":[{"href":"https:\/\/www.caririemacao.com\/1\/wp-json\/wp\/v2\/posts\/321018","targetHints":{"allow":["GET"]}}],"collection":[{"href":"https:\/\/www.caririemacao.com\/1\/wp-json\/wp\/v2\/posts"}],"about":[{"href":"https:\/\/www.caririemacao.com\/1\/wp-json\/wp\/v2\/types\/post"}],"replies":[{"embeddable":true,"href":"https:\/\/www.caririemacao.com\/1\/wp-json\/wp\/v2\/comments?post=321018"}],"version-history":[{"count":1,"href":"https:\/\/www.caririemacao.com\/1\/wp-json\/wp\/v2\/posts\/321018\/revisions"}],"predecessor-version":[{"id":321020,"href":"https:\/\/www.caririemacao.com\/1\/wp-json\/wp\/v2\/posts\/321018\/revisions\/321020"}],"wp:featuredmedia":[{"embeddable":true,"href":"https:\/\/www.caririemacao.com\/1\/wp-json\/wp\/v2\/media\/321019"}],"wp:attachment":[{"href":"https:\/\/www.caririemacao.com\/1\/wp-json\/wp\/v2\/media?parent=321018"}],"wp:term":[{"taxonomy":"category","embeddable":true,"href":"https:\/\/www.caririemacao.com\/1\/wp-json\/wp\/v2\/categories?post=321018"},{"taxonomy":"post_tag","embeddable":true,"href":"https:\/\/www.caririemacao.com\/1\/wp-json\/wp\/v2\/tags?post=321018"}],"curies":[{"name":"wp","href":"https:\/\/api.w.org\/{rel}","templated":true}]}}