{"id":321021,"date":"2026-08-31T09:20:41","date_gmt":"2026-08-31T12:20:41","guid":{"rendered":"https:\/\/www.caririemacao.com\/1\/?p=321021"},"modified":"2026-08-31T09:20:41","modified_gmt":"2026-08-31T12:20:41","slug":"multivacinacao-nacional-encerra-suas-atividades-nesta-terca-feira-com-foco-em-jovens-de-menos-de-15-anos","status":"publish","type":"post","link":"https:\/\/www.caririemacao.com\/1\/2026\/08\/31\/multivacinacao-nacional-encerra-suas-atividades-nesta-terca-feira-com-foco-em-jovens-de-menos-de-15-anos\/","title":{"rendered":"Multivacina\u00e7\u00e3o Nacional encerra suas atividades nesta ter\u00e7a-feira, com foco em jovens de menos de 15 anos"},"content":{"rendered":"<p>A Campanha Nacional de Multivacina\u00e7\u00e3o est\u00e1 entrando em sua fase final e continuar\u00e1 at\u00e9 a pr\u00f3xima ter\u00e7a-feira (1\u00ba), incentivando crian\u00e7as e adolescentes menores de 15 anos a atualizarem seus cadernetas de vacina\u00e7\u00e3o.<\/p>\n<p>O principal objetivo desta iniciativa \u00e9 identificar poss\u00edveis doses em atraso e ampliar a prote\u00e7\u00e3o contra diversas doen\u00e7as imunopreven\u00edveis.<\/p>\n<p>Entre as vacinas que devem ser verificadas est\u00e3o a vacina meningoc\u00f3cica ACWY, que oferece prote\u00e7\u00e3o contra quatro sorogrupos da bact\u00e9ria causadora da doen\u00e7a meningoc\u00f3cica, a vacina contra o HPV, essencial para a preven\u00e7\u00e3o de diferentes tipos de c\u00e2ncer ligados ao v\u00edrus, e a vacina contra a dengue, voltada para faixas et\u00e1rias inclu\u00eddas na estrat\u00e9gia de vacina\u00e7\u00e3o para adolescentes de at\u00e9 14 anos.<\/p>\n<p>As doses estar\u00e3o dispon\u00edveis nas Unidades de Sa\u00fade da Fam\u00edlia (USF), operando de segunda a sexta-feira, das 7h \u00e0s 11h e das 12h \u00e0s 16h, nas Policl\u00ednicas Municipais de Cristo, Mangabeira, Mandacaru, Jaguaribe e Praias, com hor\u00e1rio de 8h \u00e0s 16h; al\u00e9m disso, pontos m\u00f3veis ser\u00e3o oferecidos na cidade, incluindo o Home Center Ferreira Costa, Shopping Sul, Shopping Tambi\u00e1 e a orla de Cabo Branco, com hor\u00e1rios variados durante a semana e aos s\u00e1bados.<\/p>\n<p>Para receber a vacina, \u00e9 obrigat\u00f3rio apresentar um documento oficial com foto ou certid\u00e3o de nascimento, CPF ou Cart\u00e3o SUS, somado \u00e0 caderneta de vacina\u00e7\u00e3o.<\/p>\n<p><strong>Verifique os locais dispon\u00edveis<\/strong><\/p>\n<ul>\n<li><strong>Unidades de Sa\u00fade da Fam\u00edlia (USFs)<\/strong><\/li>\n<\/ul>\n<p><strong>Hor\u00e1rio:<\/strong> das 7h \u00e0s 11h e das 12h \u00e0s 16h (de segunda a sexta-feira)<\/p>\n<p>Todas as vacinas do calend\u00e1rio de rotina e de campanhas:<\/p>\n<p>Dengue: adolescentes de 10 a 14 anos;<\/p>\n<p>Covid-19: crian\u00e7as menores de 5 anos e grupos priorit\u00e1rios;<\/p>\n<p>HPV: atualiza\u00e7\u00e3o para o p\u00fablico de 9 a 19 anos.<\/p>\n<p>V\u00edrus Sincitial Respirat\u00f3rio (VSR) tipos A e B: exclusivo para gestantes.<\/p>\n<p>Influenza: para toda a popula\u00e7\u00e3o.<\/p>\n<ul>\n<li><strong>Policl\u00ednicas Municipais (Cristo, Mangabeira, Mandacaru, Jaguaribe e Praias)<\/strong><\/li>\n<\/ul>\n<p><strong>Hor\u00e1rio:<\/strong> das 8h \u00e0s 16h (de segunda a sexta-feira)<\/p>\n<p>Todas as vacinas do calend\u00e1rio de rotina e de campanha:<\/p>\n<p>Dengue: adolescentes de 10 a 14 anos;<\/p>\n<p>Covid-19: crian\u00e7as menores de 5 anos e grupos priorit\u00e1rios;<\/p>\n<p>HPV: atualiza\u00e7\u00e3o para o p\u00fablico de 9 a 19 anos;<\/p>\n<p>V\u00edrus Sincitial Respirat\u00f3rio (VSR) tipos A e B: exclusivo para gestantes. Influenza: para toda a popula\u00e7\u00e3o.<\/p>\n<ul>\n<li><strong>Centro Municipal de Imuniza\u00e7\u00e3o \u2013 Torre<\/strong><\/li>\n<\/ul>\n<p><strong>Hor\u00e1rio:<\/strong> das 8h \u00e0s 16h (de segunda a sexta-feira)<\/p>\n<p>Todas as vacinas do calend\u00e1rio de rotina e de campanha:<\/p>\n<p>Dengue: adolescentes de 10 a 14 anos;<\/p>\n<p>Covid-19: crian\u00e7as menores de 5 anos e grupos priorit\u00e1rios;<\/p>\n<p>HPV: atualiza\u00e7\u00e3o para o p\u00fablico de 9 a 19 anos;<\/p>\n<p>V\u00edrus Sincitial Respirat\u00f3rio (VSR) tipos A e B: exclusivo para gestantes. Influenza: para toda a popula\u00e7\u00e3o.<\/p>\n<ul>\n<li><strong>Home Center Ferreira Costa \u2013 BR 230 \u2013 Aeroclube<\/strong><\/li>\n<\/ul>\n<p><strong>Hor\u00e1rio:<\/strong> 12h \u00e0s 20h (segunda a sexta) e das 8h \u00e0s 16h (s\u00e1bados)<\/p>\n<p>Todas as vacinas do calend\u00e1rio de rotina e de campanhas:<\/p>\n<p>Covid-19: crian\u00e7as menores de 5 anos e grupos priorit\u00e1rios;<\/p>\n<p>HPV: atualiza\u00e7\u00e3o para o p\u00fablico de 9 a 19 anos;<\/p>\n<p>V\u00edrus Sincitial Respirat\u00f3rio (VSR) tipos A e B: exclusivo para gestantes. Influenza: para toda a popula\u00e7\u00e3o.<\/p>\n<ul>\n<li><strong>Shopping Sul \u2013 Banc\u00e1rios<\/strong><\/li>\n<\/ul>\n<p><strong>Hor\u00e1rio:<\/strong> 12h \u00e0s 20h (segunda a sexta) e das 10h \u00e0s 16h (s\u00e1bados)<\/p>\n<p>Todas as vacinas do calend\u00e1rio de rotina e de campanha:<\/p>\n<p>Covid-19: crian\u00e7as menores de 5 anos e grupos priorit\u00e1rios;<\/p>\n<p>HPV: atualiza\u00e7\u00e3o para o p\u00fablico de 9 a 19 anos.<\/p>\n<p>V\u00edrus Sincitial Respirat\u00f3rio (VSR) tipos A e B: exclusivo para gestantes. Influenza: para toda a popula\u00e7\u00e3o.<\/p>\n<ul>\n<li><strong>Shopping Tambi\u00e1 \u2013 Tambi\u00e1<\/strong><\/li>\n<\/ul>\n<p><strong>Hor\u00e1rio:<\/strong> exclusivamente aos s\u00e1bados, das 9h \u00e0s 16h<\/p>\n<p>Todos os imunizantes do calend\u00e1rio de rotina e de campanha:<\/p>\n<p>Covid-19: crian\u00e7as menores de 5 anos e grupos priorit\u00e1rios;<\/p>\n<p>HPV: atualiza\u00e7\u00e3o para o p\u00fablico de 9 a 19 anos;<\/p>\n<p>V\u00edrus Sincitial Respirat\u00f3rio (VSR) tipos A e B: exclusivo para gestantes. Influenza: para toda a popula\u00e7\u00e3o.<\/p>\n<ul>\n<li><strong>Novo Atacarejo \u2013 Unidade Valentina Figueiredo<\/strong><\/li>\n<\/ul>\n<p>(R. Brasilino Alves da N\u00f3brega \u2013 Valentina de Figueiredo)<\/p>\n<p><strong>Hor\u00e1rio:<\/strong> 12h \u00e0s 21h (segunda a sexta) e das 8h \u00e0s 16h (s\u00e1bados)<\/p>\n<p>Todas as vacinas do calend\u00e1rio de rotina e de campanha:<\/p>\n<p>Covid-19: crian\u00e7as menores de 5 anos e grupos priorit\u00e1rios;<\/p>\n<p>HPV: atualiza\u00e7\u00e3o para o p\u00fablico de 9 a 19 anos.<\/p>\n<p>V\u00edrus Sincitial Respirat\u00f3rio (VSR) tipos A e B: exclusivo para gestantes. Influenza: para toda a popula\u00e7\u00e3o.<\/p>\n<ul>\n<li><strong>Quiosque na Orla \u2013 Avenida Cabo Branco \u2013 na frente do X\u00eanius Hotel e pr\u00f3ximo ao CAT Adaptado<\/strong><\/li>\n<\/ul>\n<p><strong>Hor\u00e1rio:<\/strong> apenas de segunda a sexta-feira, das 17h \u00e0s 21h.<\/p>\n<p><a href=\"https:\/\/whatsapp.com\/channel\/0029VaM11seEFeXpuU94Sz2i\" target=\"_blank\" rel=\"noopener\"><\/a><\/p>\n<p><em>Fonte: Portal Correio<\/em><\/p>\n","protected":false},"excerpt":{"rendered":"<p>A Campanha Nacional de Multivacina\u00e7\u00e3o entra na reta final e segue at\u00e9 a pr\u00f3xima ter\u00e7a-feira (1\u00ba), para crian\u00e7as e adolescentes menores de 15 anos atualizarem a caderneta de vacina\u00e7\u00e3o. A campanha tem como principal objetivo identificar poss\u00edveis doses em atraso e ampliar a prote\u00e7\u00e3o contra diversas doen\u00e7as imunopreven\u00edveis. Entre as vacinas que precisam ser verificadas [\u2026]<\/p>\n","protected":false},"author":0,"featured_media":321022,"comment_status":"closed","ping_status":"closed","sticky":false,"template":"","format":"standard","meta":{"sfsi_plus_gutenberg_text_before_share":"","sfsi_plus_gutenberg_show_text_before_share":"","sfsi_plus_gutenberg_icon_type":"","sfsi_plus_gutenberg_icon_alignemt":"","sfsi_plus_gutenburg_max_per_row":"","footnotes":""},"categories":[12],"tags":[],"class_list":["post-321021","post","type-post","status-publish","format-standard","has-post-thumbnail","hentry","category-policia"],"_links":{"self":[{"href":"https:\/\/www.caririemacao.com\/1\/wp-json\/wp\/v2\/posts\/321021","targetHints":{"allow":["GET"]}}],"collection":[{"href":"https:\/\/www.caririemacao.com\/1\/wp-json\/wp\/v2\/posts"}],"about":[{"href":"https:\/\/www.caririemacao.com\/1\/wp-json\/wp\/v2\/types\/post"}],"replies":[{"embeddable":true,"href":"https:\/\/www.caririemacao.com\/1\/wp-json\/wp\/v2\/comments?post=321021"}],"version-history":[{"count":1,"href":"https:\/\/www.caririemacao.com\/1\/wp-json\/wp\/v2\/posts\/321021\/revisions"}],"predecessor-version":[{"id":321023,"href":"https:\/\/www.caririemacao.com\/1\/wp-json\/wp\/v2\/posts\/321021\/revisions\/321023"}],"wp:featuredmedia":[{"embeddable":true,"href":"https:\/\/www.caririemacao.com\/1\/wp-json\/wp\/v2\/media\/321022"}],"wp:attachment":[{"href":"https:\/\/www.caririemacao.com\/1\/wp-json\/wp\/v2\/media?parent=321021"}],"wp:term":[{"taxonomy":"category","embeddable":true,"href":"https:\/\/www.caririemacao.com\/1\/wp-json\/wp\/v2\/categories?post=321021"},{"taxonomy":"post_tag","embeddable":true,"href":"https:\/\/www.caririemacao.com\/1\/wp-json\/wp\/v2\/tags?post=321021"}],"curies":[{"name":"wp","href":"https:\/\/api.w.org\/{rel}","templated":true}]}}