{"id":321024,"date":"2026-08-31T10:20:37","date_gmt":"2026-08-31T13:20:37","guid":{"rendered":"https:\/\/www.caririemacao.com\/1\/?p=321024"},"modified":"2026-08-31T10:20:37","modified_gmt":"2026-08-31T13:20:37","slug":"morte-de-jovem-de-22-anos-em-colisao-com-veiculo-motorizado-na-rodovia-pb-400-sertao-da-paraiba","status":"publish","type":"post","link":"https:\/\/www.caririemacao.com\/1\/2026\/08\/31\/morte-de-jovem-de-22-anos-em-colisao-com-veiculo-motorizado-na-rodovia-pb-400-sertao-da-paraiba\/","title":{"rendered":"Morte de jovem de 22 anos em colis\u00e3o com ve\u00edculo motorizado na rodovia PB-400, Sert\u00e3o da Para\u00edba"},"content":{"rendered":"<p>Uma jovem de 22 anos faleceu ap\u00f3s o choque entre sua moto e um carro na rodovia estadual PB-400, na regi\u00e3o entre Cajazeiras e S\u00e3o Jos\u00e9 de Piranhas, no Sert\u00e3o da Para\u00edba. O incidente ocorreu na noite de domingo, dia 30.<\/p>\n<p>Segundo a Pol\u00edcia Militar, a colis\u00e3o aconteceu nas proximidades de um motel. A v\u00edtima n\u00e3o sobreviveu aos ferimentos sofridos e foi encontrada morta no local. As autoridades ainda investigam as causas do acidente.<\/p>\n<p>O condutor do autom\u00f3vel foi preso pela Pol\u00edcia Militar e, devido aos danos causados, foi levado ao Hospital Regional de Cajazeiras para receber tratamento m\u00e9dico.<\/p>\n<p>A zona de acidente permanece preservada para fins periciais. O corpo da jovem ser\u00e1 encaminhado ao Instituto de Pol\u00edcia Cient\u00edfica (IPC), tamb\u00e9m localizado em Cajazeiras.<\/p>\n<p><em>Fonte: G1 Para\u00edba<\/em><\/p>\n","protected":false},"excerpt":{"rendered":"<p>Jovem de 22 anos morreu em colis\u00e3o com carro, no Sert\u00e3o da Para\u00edba Pol\u00edca Militar Uma mulher de 22 anos morreu ap\u00f3s uma colis\u00e3o da moto que pilotava com um carro na PB-400, entre as cidades de Cajazeiras e S\u00e3o Jos\u00e9 de Piranhas, no Sert\u00e3o da Para\u00edba. O acidente aconteceu na noite do domingo (30). &#x2705; Clique aqui para seguir o canal do g1 PB no WhatsApp De acordo com a Pol\u00edcia Militar, a colis\u00e3o ocorreu nas proximidades de um motel. Ap\u00f3s o acidente, a jovem n\u00e3o resistiu aos ferimentos e morreu no local. Ainda n\u00e3o se sabe o que teria ocasionado o acidente. O condutor do autom\u00f3vel chegou a ser detido pela Pol\u00edcia Militar e, em raz\u00e3o dos ferimentos provocados pelo acidente, ele foi encaminhado ao Hospital Regional de Cajazeiras para receber atendimento m\u00e9dico. A \u00e1rea da colis\u00e3o foi preservada para a realiza\u00e7\u00e3o de uma per\u00edcia. O corpo da v\u00edtima dever\u00e1 ser encaminhado ao Instituto de Pol\u00edcia Cient\u00edfica (IPC), tamb\u00e9m em Cajazeiras. Agora no g1 V\u00eddeos mais assistidos do g1 Para\u00edba<\/p>\n","protected":false},"author":0,"featured_media":321025,"comment_status":"closed","ping_status":"closed","sticky":false,"template":"","format":"standard","meta":{"sfsi_plus_gutenberg_text_before_share":"","sfsi_plus_gutenberg_show_text_before_share":"","sfsi_plus_gutenberg_icon_type":"","sfsi_plus_gutenberg_icon_alignemt":"","sfsi_plus_gutenburg_max_per_row":"","footnotes":""},"categories":[12],"tags":[],"class_list":["post-321024","post","type-post","status-publish","format-standard","has-post-thumbnail","hentry","category-policia"],"_links":{"self":[{"href":"https:\/\/www.caririemacao.com\/1\/wp-json\/wp\/v2\/posts\/321024","targetHints":{"allow":["GET"]}}],"collection":[{"href":"https:\/\/www.caririemacao.com\/1\/wp-json\/wp\/v2\/posts"}],"about":[{"href":"https:\/\/www.caririemacao.com\/1\/wp-json\/wp\/v2\/types\/post"}],"replies":[{"embeddable":true,"href":"https:\/\/www.caririemacao.com\/1\/wp-json\/wp\/v2\/comments?post=321024"}],"version-history":[{"count":1,"href":"https:\/\/www.caririemacao.com\/1\/wp-json\/wp\/v2\/posts\/321024\/revisions"}],"predecessor-version":[{"id":321026,"href":"https:\/\/www.caririemacao.com\/1\/wp-json\/wp\/v2\/posts\/321024\/revisions\/321026"}],"wp:featuredmedia":[{"embeddable":true,"href":"https:\/\/www.caririemacao.com\/1\/wp-json\/wp\/v2\/media\/321025"}],"wp:attachment":[{"href":"https:\/\/www.caririemacao.com\/1\/wp-json\/wp\/v2\/media?parent=321024"}],"wp:term":[{"taxonomy":"category","embeddable":true,"href":"https:\/\/www.caririemacao.com\/1\/wp-json\/wp\/v2\/categories?post=321024"},{"taxonomy":"post_tag","embeddable":true,"href":"https:\/\/www.caririemacao.com\/1\/wp-json\/wp\/v2\/tags?post=321024"}],"curies":[{"name":"wp","href":"https:\/\/api.w.org\/{rel}","templated":true}]}}