{"id":321027,"date":"2026-08-31T10:20:46","date_gmt":"2026-08-31T13:20:46","guid":{"rendered":"https:\/\/www.caririemacao.com\/1\/?p=321027"},"modified":"2026-08-31T10:20:46","modified_gmt":"2026-08-31T13:20:46","slug":"justica-eleitoral-indefere-segunda-candidatura-nas-eleicoes-de-2026-na-paraiba","status":"publish","type":"post","link":"https:\/\/www.caririemacao.com\/1\/2026\/08\/31\/justica-eleitoral-indefere-segunda-candidatura-nas-eleicoes-de-2026-na-paraiba\/","title":{"rendered":"Justi\u00e7a Eleitoral Indefere Segunda Candidatura nas Elei\u00e7\u00f5es de 2026 na Para\u00edba"},"content":{"rendered":"<p>A Justi\u00e7a eleitoral decidiu, nesta segunda-feira (31), pela indeferimento da candidatura de Maria Teresa Carneiro (MDB), que pretendia concorrer \u00e0 Assembleia Legislativa da Para\u00edba (ALPB). O desembargador K\u00e9ops de Vasconcelos proferiu a decis\u00e3o, ressaltando irregularidades na fotografia apresentada \u2014 que n\u00e3o cumprivia as normas estabelecidas pelo Tribunal Superior Eleitoral (TSE) \u2014 e a ilegitimidade das certid\u00f5es criminais para fins eleitorais da Justi\u00e7a Estadual de 1\u00ba e 2\u00ba grau, submetidas de forma ileg\u00edvel.<\/p>\n<p>Maria Teresa Carneiro j\u00e1 figurou entre as candidatas anteriores: em 2022 foi eleita deputada estadual e, em 2024, assumiu o cargo de vereadora de Sap\u00e9. Os dados do sistema de acompanhamento do Tribunal Superior Eleitoral indicam que, entre os 445 pedidos de candidaturas registrados na Para\u00edba, 337 foram mantidos, 90 aguardam julgamento, 14 s\u00e3o ren\u00fancias, duas candidaturas foram indeferidas, uma foi cancelada e outra indeferida devido a recursos ou recursos.<\/p>\n<p><em>Fonte: Portal Correio<\/em><\/p>\n","protected":false},"excerpt":{"rendered":"<p>A Justi\u00e7a eleitoral indeferiu a segunda candidatura das Elei\u00e7\u00f5es 2026 na Para\u00edba. A decis\u00e3o, verificada nesta segunda-feira (31), foi para o indeferimento da candidatura de Maria Teresa Carneiro (MDB), que iria disputar vaga na Assembleia Legislativa da Para\u00edba (ALPB). A decis\u00e3o pelo indeferimento foi tomada pelo desembargador K\u00e9ops de Vasconcelos. Ele apontou a exist\u00eancia de [\u2026]<\/p>\n","protected":false},"author":0,"featured_media":321028,"comment_status":"closed","ping_status":"closed","sticky":false,"template":"","format":"standard","meta":{"sfsi_plus_gutenberg_text_before_share":"","sfsi_plus_gutenberg_show_text_before_share":"","sfsi_plus_gutenberg_icon_type":"","sfsi_plus_gutenberg_icon_alignemt":"","sfsi_plus_gutenburg_max_per_row":"","footnotes":""},"categories":[104],"tags":[],"class_list":["post-321027","post","type-post","status-publish","format-standard","has-post-thumbnail","hentry","category-paraiba"],"_links":{"self":[{"href":"https:\/\/www.caririemacao.com\/1\/wp-json\/wp\/v2\/posts\/321027","targetHints":{"allow":["GET"]}}],"collection":[{"href":"https:\/\/www.caririemacao.com\/1\/wp-json\/wp\/v2\/posts"}],"about":[{"href":"https:\/\/www.caririemacao.com\/1\/wp-json\/wp\/v2\/types\/post"}],"replies":[{"embeddable":true,"href":"https:\/\/www.caririemacao.com\/1\/wp-json\/wp\/v2\/comments?post=321027"}],"version-history":[{"count":1,"href":"https:\/\/www.caririemacao.com\/1\/wp-json\/wp\/v2\/posts\/321027\/revisions"}],"predecessor-version":[{"id":321029,"href":"https:\/\/www.caririemacao.com\/1\/wp-json\/wp\/v2\/posts\/321027\/revisions\/321029"}],"wp:featuredmedia":[{"embeddable":true,"href":"https:\/\/www.caririemacao.com\/1\/wp-json\/wp\/v2\/media\/321028"}],"wp:attachment":[{"href":"https:\/\/www.caririemacao.com\/1\/wp-json\/wp\/v2\/media?parent=321027"}],"wp:term":[{"taxonomy":"category","embeddable":true,"href":"https:\/\/www.caririemacao.com\/1\/wp-json\/wp\/v2\/categories?post=321027"},{"taxonomy":"post_tag","embeddable":true,"href":"https:\/\/www.caririemacao.com\/1\/wp-json\/wp\/v2\/tags?post=321027"}],"curies":[{"name":"wp","href":"https:\/\/api.w.org\/{rel}","templated":true}]}}