{"id":321030,"date":"2026-08-31T11:20:51","date_gmt":"2026-08-31T14:20:51","guid":{"rendered":"https:\/\/www.caririemacao.com\/1\/?p=321030"},"modified":"2026-08-31T11:20:51","modified_gmt":"2026-08-31T14:20:51","slug":"ifpb-lanca-campanha-de-inscricoes-para-quase-4-mil-vagas-em-formacao-tecnica","status":"publish","type":"post","link":"https:\/\/www.caririemacao.com\/1\/2026\/08\/31\/ifpb-lanca-campanha-de-inscricoes-para-quase-4-mil-vagas-em-formacao-tecnica\/","title":{"rendered":"IFPB lan\u00e7a campanha de inscri\u00e7\u00f5es para quase 4 mil vagas em forma\u00e7\u00e3o t\u00e9cnica"},"content":{"rendered":"<p> O Instituto Federal da Para\u00edba (IFPB) e o Instituto Federal do Sert\u00e3o Paraibano (IF Sert\u00e3o-PB) lan\u00e7aram 4.155 vagas para cursos t\u00e9cnicos, com in\u00edcio das matr\u00edculas no primeiro semestre de 2027. <\/p>\n<p>A quantidade de posi\u00e7\u00f5es divide-se entre cursos integrados ao ensino m\u00e9dio \u2014 3.120 vagas \u2014 e cursos subsequentes ao ensino m\u00e9dio \u2014 1.035 vagas. A sele\u00e7\u00e3o ser\u00e1 realizada de forma unificada pelas duas institui\u00e7\u00f5es envolvidas. <\/p>\n<p>As inscri\u00e7\u00f5es ser\u00e3o abertas em 2 de setembro de 2026 e permanecer\u00e3o abertas at\u00e9 5 de outubro, sendo que o acesso ocorrer\u00e1 exclusivamente por meio de plataforma digital do IFPB. <\/p>\n<p>Para os cursos integrados, que atendem estudantes que j\u00e1 conclu\u00edram o ensino fundamental, as vagas s\u00e3o destinadas a quem deseja realizar simultaneamente o ensino m\u00e9dio e uma forma\u00e7\u00e3o profissional t\u00e9cnica. <\/p>\n<p>J\u00e1 os cursos subsequentes, voltados a quem j\u00e1 terminou o ensino m\u00e9dio, oferecem alternativas para quem busca qualifica\u00e7\u00e3o profissional ap\u00f3s a gradua\u00e7\u00e3o. <\/p>\n<p>Os cursos t\u00e9cnicos integrados estar\u00e3o dispon\u00edveis nas seguintes localidades: Campi de Cabedelo, Cabedelo Centro, Campina Grande, Catol\u00e9 do Rocha, Esperan\u00e7a, Guarabira, Itabaiana, Itaporanga, Jo\u00e3o Pessoa, Patos, Pedras de Fogo, Picu\u00ed, Princesa Isabel, Santa Luzia, Santa Rita e Sousa. <\/p>\n<p>Os cursos subsequentes encontrar\u00e3o seus locais nas seguintes cidades: Campi de Areia, Cabedelo Centro, Cajazeiras, Campina Grande, Itabaiana, Jo\u00e3o Pessoa, Patos, Pedras de Fogo, Princesa Isabel e Sousa. <\/p>\n<p>Em termos de disciplinas, os cursos integrados incluem op\u00e7\u00f5es como Administra\u00e7\u00e3o, Agroind\u00fastria, Agropecu\u00e1ria, Automa\u00e7\u00e3o Industrial, Contabilidade, Controle Ambiental, Design de Moda, Edifica\u00e7\u00f5es, Eletromec\u00e2nica, Eletr\u00f4nica, Eletrot\u00e9cnica, Geologia, Inform\u00e1tica, Instrumento Musical, Meio Ambiente, Mec\u00e2nica, Minera\u00e7\u00e3o, Multim\u00eddia, Petr\u00f3leo e G\u00e1s, Qu\u00edmica, Recursos Pesqueiros, Seguran\u00e7a do Trabalho e Sistemas de Energia Renov\u00e1vel. <\/p>\n<p>Os cursos subsequentes apresentam alternativas como Administra\u00e7\u00e3o, Cuidados de Idosos, Edifica\u00e7\u00f5es, Eletr\u00f4nica, Eletromec\u00e2nica, Equipamentos Biom\u00e9dicos, Enfermagem, Gastronomia, Guia de Turismo, Inform\u00e1tica, Manuten\u00e7\u00e3o e Suporte em Inform\u00e1tica, Mec\u00e2nica, Minera\u00e7\u00e3o, Qu\u00edmica, Secretariado, Servi\u00e7os Jur\u00eddicos, Transa\u00e7\u00f5es Imobili\u00e1rias e Instrumento Musical. <\/p>\n<p>Uma lista completa de cursos e turnos espec\u00edficos est\u00e1 dispon\u00edvel nos editais do processo seletivo. <\/p>\n<p>Al\u00e9m disso, v\u00eddeos relacionados \u00e0 iniciativa podem ser encontrados no canal do g1 Para\u00edba. <\/p>\n<p><em>Fonte: G1 Para\u00edba<\/em><\/p>\n","protected":false},"excerpt":{"rendered":"<p>IFPB abre inscri\u00e7\u00f5es para os cargos de t\u00e9cnico-administrativo e tradutor e int\u00e9rprete de libras Divulga\u00e7\u00e3o\/IFPB O Instituto Federal da Para\u00edba (IFPB) e o Instituto Federal do Sert\u00e3o Paraibano (IF Sert\u00e3o-PB) abriram 4.155 vagas para cursos t\u00e9cnicos gatuitos na Para\u00edba, com ingresso no primeiro semestre de 2027. &#x2705; Clique aqui para seguir o canal do g1 PB no WhatsApp Ao todo, s\u00e3o 3.120 para cursos t\u00e9cnicos integrados ao ensino m\u00e9dio e 1.035 para cursos subsequentes. A sele\u00e7\u00e3o ser\u00e1 feita de forma unificada pelas duas institui\u00e7\u00f5es. Clique aqui para acessar o edital de cursos t\u00e9cnicos integrados Clique aqui para acessar o edital de cursos subsequentes As inscri\u00e7\u00f5es come\u00e7am em 2 de setembro de 2026 e seguem at\u00e9 5 de outubro, exclusivamente pela internet, atrav\u00e9s do Portal do Estudante do IFPB . Agora no g1 Quem pode se inscrever As 3.120 vagas dos cursos integrados s\u00e3o destinadas a estudantes que j\u00e1 conclu\u00edram o ensino fundamental e querem fazer, ao mesmo tempo, o ensino m\u00e9dio e uma forma\u00e7\u00e3o profissional t\u00e9cnica. J\u00e1 as 1.035 vagas dos cursos subsequentes s\u00e3o para pessoas que conclu\u00edram o ensino m\u00e9dio e buscam uma forma\u00e7\u00e3o t\u00e9cnica. As vagas para os cursos t\u00e9cnicos integrados est\u00e3o dispon\u00edveis nos Campi de Cabedelo, Cabedelo Centro, Campina Grande, Catol\u00e9 do Rocha, Esperan\u00e7a, Guarabira, Itabaiana, Itaporanga, Jo\u00e3o Pessoa, Patos, Pedras de Fogo, Picu\u00ed, Princesa Isabel, Santa Luzia, Santa Rita e Sousa. J\u00e1 os cursos subsequentes est\u00e3o dispon\u00edveis nos Campi de Areia, Cabedelo Centro, Cajazeiras, Campina Grande, Itabaiana, Jo\u00e3o Pessoa, Patos, Pedras de Fogo, Princesa Isabel e Sousa. Cursos dispon\u00edveis Nos cursos integrados ao ensino m\u00e9dio, est\u00e3o dispon\u00edveis: Administra\u00e7\u00e3o Agroind\u00fastria Agropecu\u00e1ria Automa\u00e7\u00e3o Industrial Contabilidade Controle Ambiental Design de Moda Edifica\u00e7\u00f5es Eletromec\u00e2nica Eletr\u00f4nica Eletrot\u00e9cnica Geologia Inform\u00e1tica Instrumento Musical Meio Ambiente Mec\u00e2nica Minera\u00e7\u00e3o Multim\u00eddia Petr\u00f3leo e G\u00e1s Qu\u00edmica Recursos Pesqueiros Seguran\u00e7a do Trabalho Sistemas de Energia Renov\u00e1vel Entre outras op\u00e7\u00f5es Nos cursos subsequentes ao ensino m\u00e9dio, as op\u00e7\u00f5es incluem: Administra\u00e7\u00e3o Cuidados de Idosos Edifica\u00e7\u00f5es Eletr\u00f4nica Eletromec\u00e2nica Eletrot\u00e9cnica Equipamentos Biom\u00e9dicos Enfermagem Gastronomia Guia de Turismo Inform\u00e1tica Manuten\u00e7\u00e3o e Suporte em Inform\u00e1tica Mec\u00e2nica Minera\u00e7\u00e3o Qu\u00edmica Secretariado Servi\u00e7os Jur\u00eddicos Transa\u00e7\u00f5es Imobili\u00e1rias Instrumento Musical Entre outras op\u00e7\u00f5es A rela\u00e7\u00e3o completa de cursos e turnos est\u00e1 dispon\u00edvel nos editais do processo seletivo. V\u00eddeos mais assistidos do g1 Para\u00edba<\/p>\n","protected":false},"author":0,"featured_media":321031,"comment_status":"closed","ping_status":"closed","sticky":false,"template":"","format":"standard","meta":{"sfsi_plus_gutenberg_text_before_share":"","sfsi_plus_gutenberg_show_text_before_share":"","sfsi_plus_gutenberg_icon_type":"","sfsi_plus_gutenberg_icon_alignemt":"","sfsi_plus_gutenburg_max_per_row":"","footnotes":""},"categories":[104],"tags":[],"class_list":["post-321030","post","type-post","status-publish","format-standard","has-post-thumbnail","hentry","category-paraiba"],"_links":{"self":[{"href":"https:\/\/www.caririemacao.com\/1\/wp-json\/wp\/v2\/posts\/321030","targetHints":{"allow":["GET"]}}],"collection":[{"href":"https:\/\/www.caririemacao.com\/1\/wp-json\/wp\/v2\/posts"}],"about":[{"href":"https:\/\/www.caririemacao.com\/1\/wp-json\/wp\/v2\/types\/post"}],"replies":[{"embeddable":true,"href":"https:\/\/www.caririemacao.com\/1\/wp-json\/wp\/v2\/comments?post=321030"}],"version-history":[{"count":1,"href":"https:\/\/www.caririemacao.com\/1\/wp-json\/wp\/v2\/posts\/321030\/revisions"}],"predecessor-version":[{"id":321032,"href":"https:\/\/www.caririemacao.com\/1\/wp-json\/wp\/v2\/posts\/321030\/revisions\/321032"}],"wp:featuredmedia":[{"embeddable":true,"href":"https:\/\/www.caririemacao.com\/1\/wp-json\/wp\/v2\/media\/321031"}],"wp:attachment":[{"href":"https:\/\/www.caririemacao.com\/1\/wp-json\/wp\/v2\/media?parent=321030"}],"wp:term":[{"taxonomy":"category","embeddable":true,"href":"https:\/\/www.caririemacao.com\/1\/wp-json\/wp\/v2\/categories?post=321030"},{"taxonomy":"post_tag","embeddable":true,"href":"https:\/\/www.caririemacao.com\/1\/wp-json\/wp\/v2\/tags?post=321030"}],"curies":[{"name":"wp","href":"https:\/\/api.w.org\/{rel}","templated":true}]}}