{"id":321033,"date":"2026-08-31T11:20:56","date_gmt":"2026-08-31T14:20:56","guid":{"rendered":"https:\/\/www.caririemacao.com\/1\/?p=321033"},"modified":"2026-08-31T11:20:56","modified_gmt":"2026-08-31T14:20:56","slug":"candidatura-de-camilo-duarte-deferida-pela-justica-eleitoral-da-paraiba","status":"publish","type":"post","link":"https:\/\/www.caririemacao.com\/1\/2026\/08\/31\/candidatura-de-camilo-duarte-deferida-pela-justica-eleitoral-da-paraiba\/","title":{"rendered":"Candidatura de Camilo Duarte deferida pela Justi\u00e7a Eleitoral da Para\u00edba"},"content":{"rendered":"<p>O desembargador Rodrigo Clemente de Brito Pereira, do Tribunal Regional Eleitoral da Para\u00edba (TRE-PB), deferiu o pedido de registro de candidatura de Camilo Duarte (PCO) ao governo estadual. A resolu\u00e7\u00e3o foi emitida na manh\u00e3 desta segunda-feira (31), conforme confirmado pelo Portal Correio no sistema unificado de processo judicial eletr\u00f4nico (PJE).<\/p>\n<p>Al\u00e9m de Camilo, outros candidatos tamb\u00e9m tiveram suas candidaturas deferidas: Efraim Filho (PL), Lucas Ribeiro (Progressistas), Pedro Coutinho (DC) e Yuri Ezequiel (UP). O \u00fanico nome que ainda aguarda julgamento de candidatura \u00e9 C\u00edcero Lucena (MDB).<\/p>\n<p><em>Fonte: Portal Correio<\/em><\/p>\n","protected":false},"excerpt":{"rendered":"<p>Camilo Duarte (PCO) teve deferido o pedido de registro de candidatura ao governo da Para\u00edba. A decis\u00e3o foi tomada na manh\u00e3 desta segunda-feira (31) pelo desembargador Rodrigo Clemente de Brito Pereira, do Tribunal Regional Eleitoral da Para\u00edba (TRE-PB). A informa\u00e7\u00e3o foi confirmada pelo Portal Correio no site de consulta p\u00fablica unificada de Processo Judicial Eletr\u00f4nico [\u2026]<\/p>\n","protected":false},"author":0,"featured_media":321034,"comment_status":"closed","ping_status":"closed","sticky":false,"template":"","format":"standard","meta":{"sfsi_plus_gutenberg_text_before_share":"","sfsi_plus_gutenberg_show_text_before_share":"","sfsi_plus_gutenberg_icon_type":"","sfsi_plus_gutenberg_icon_alignemt":"","sfsi_plus_gutenburg_max_per_row":"","footnotes":""},"categories":[104],"tags":[],"class_list":["post-321033","post","type-post","status-publish","format-standard","has-post-thumbnail","hentry","category-paraiba"],"_links":{"self":[{"href":"https:\/\/www.caririemacao.com\/1\/wp-json\/wp\/v2\/posts\/321033","targetHints":{"allow":["GET"]}}],"collection":[{"href":"https:\/\/www.caririemacao.com\/1\/wp-json\/wp\/v2\/posts"}],"about":[{"href":"https:\/\/www.caririemacao.com\/1\/wp-json\/wp\/v2\/types\/post"}],"replies":[{"embeddable":true,"href":"https:\/\/www.caririemacao.com\/1\/wp-json\/wp\/v2\/comments?post=321033"}],"version-history":[{"count":1,"href":"https:\/\/www.caririemacao.com\/1\/wp-json\/wp\/v2\/posts\/321033\/revisions"}],"predecessor-version":[{"id":321035,"href":"https:\/\/www.caririemacao.com\/1\/wp-json\/wp\/v2\/posts\/321033\/revisions\/321035"}],"wp:featuredmedia":[{"embeddable":true,"href":"https:\/\/www.caririemacao.com\/1\/wp-json\/wp\/v2\/media\/321034"}],"wp:attachment":[{"href":"https:\/\/www.caririemacao.com\/1\/wp-json\/wp\/v2\/media?parent=321033"}],"wp:term":[{"taxonomy":"category","embeddable":true,"href":"https:\/\/www.caririemacao.com\/1\/wp-json\/wp\/v2\/categories?post=321033"},{"taxonomy":"post_tag","embeddable":true,"href":"https:\/\/www.caririemacao.com\/1\/wp-json\/wp\/v2\/tags?post=321033"}],"curies":[{"name":"wp","href":"https:\/\/api.w.org\/{rel}","templated":true}]}}