{"id":321036,"date":"2026-08-31T12:21:08","date_gmt":"2026-08-31T15:21:08","guid":{"rendered":"https:\/\/www.caririemacao.com\/1\/?p=321036"},"modified":"2026-08-31T12:21:08","modified_gmt":"2026-08-31T15:21:08","slug":"morte-de-idosa-em-joao-pessoa-corpo-em-avancado-estado-de-decomposicao","status":"publish","type":"post","link":"https:\/\/www.caririemacao.com\/1\/2026\/08\/31\/morte-de-idosa-em-joao-pessoa-corpo-em-avancado-estado-de-decomposicao\/","title":{"rendered":"Morte de idosa em Jo\u00e3o Pessoa: corpo em avan\u00e7ado estado de decomposi\u00e7\u00e3o"},"content":{"rendered":"<p>Uma idosa foi localizada morta no interior de sua resid\u00eancia no bairro dos Estados, em Jo\u00e3o Pessoa, na manh\u00e3 de segunda-feira (31). A mulher era surda e muda, segundo informa\u00e7\u00f5es divulgadas pela emissora. O corpo foi encontrado na sala do im\u00f3vel e, de acordo com a Pol\u00edcia Militar, as primeiras ind\u00edcios apontam para causas naturais como motivo da morte.<\/p>\n<p>Vizinhos informaram \u00e0 pol\u00edcia que a mulher estava casada e que seu marido j\u00e1 havia falecido anteriormente. Relat\u00f3rios indicavam tamb\u00e9m que pessoas em situa\u00e7\u00e3o de rua haviam &#8220;violado&#8221; a casa da idosa para roubar objetos. Um perito da Institui\u00e7\u00e3o de Pol\u00edcia Cient\u00edfica da Para\u00edba (IPC-PB) ser\u00e1 respons\u00e1vel por conduzir uma investiga\u00e7\u00e3o pericial para determinar a causa exata da morte.<\/p>\n<p><em>Fonte: G1 Para\u00edba<\/em><\/p>\n","protected":false},"excerpt":{"rendered":"<p>Idosa \u00e9 encontrada morta dentro de casa em Jo\u00e3o Pessoa TV Cabo Branco Uma idosa foi econtrada morta e com o corpo em avan\u00e7ado estado de decomposi\u00e7\u00e3o no Bairro dos Estados, em Jo\u00e3o Pessoa, na manh\u00e3 desta segunda-feira (31). De acordo com informa\u00e7\u00f5es da TV Cabo Branco, a mulher era surda e muda. &#x2705; Clique aqui para seguir o canal do g1 PB no WhatsApp O corpo da mulher foi encontrado na sala do im\u00f3vel e, de acordo com a Pol\u00edcia Militar, as informa\u00e7\u00f5es iniciais s\u00e3o de que a morte possivelmente foi de causas naturais. Vizinhos tamb\u00e9m disseram \u00e0 pol\u00edcia que a mulher era casada e que o esposo dela j\u00e1 havia falecido h\u00e1 algum tempo. A Pol\u00edcia Militar informou ainda que os vizinhos informaram que pessoas em situa\u00e7\u00e3o de rua teriam &#8220;violado&#8221; a casa da idosa para furtar objetos. Uma per\u00edcia vai ser feita pelo Instituto de Pol\u00edcia Cient\u00edfica da Para\u00edba (IPC-PB) para saber da causa da morte. Agora no g1 V\u00ecdeos mais assistidos do g1 Para\u00edba<\/p>\n","protected":false},"author":0,"featured_media":321037,"comment_status":"closed","ping_status":"closed","sticky":false,"template":"","format":"standard","meta":{"sfsi_plus_gutenberg_text_before_share":"","sfsi_plus_gutenberg_show_text_before_share":"","sfsi_plus_gutenberg_icon_type":"","sfsi_plus_gutenberg_icon_alignemt":"","sfsi_plus_gutenburg_max_per_row":"","footnotes":""},"categories":[12],"tags":[],"class_list":["post-321036","post","type-post","status-publish","format-standard","has-post-thumbnail","hentry","category-policia"],"_links":{"self":[{"href":"https:\/\/www.caririemacao.com\/1\/wp-json\/wp\/v2\/posts\/321036","targetHints":{"allow":["GET"]}}],"collection":[{"href":"https:\/\/www.caririemacao.com\/1\/wp-json\/wp\/v2\/posts"}],"about":[{"href":"https:\/\/www.caririemacao.com\/1\/wp-json\/wp\/v2\/types\/post"}],"replies":[{"embeddable":true,"href":"https:\/\/www.caririemacao.com\/1\/wp-json\/wp\/v2\/comments?post=321036"}],"version-history":[{"count":1,"href":"https:\/\/www.caririemacao.com\/1\/wp-json\/wp\/v2\/posts\/321036\/revisions"}],"predecessor-version":[{"id":321038,"href":"https:\/\/www.caririemacao.com\/1\/wp-json\/wp\/v2\/posts\/321036\/revisions\/321038"}],"wp:featuredmedia":[{"embeddable":true,"href":"https:\/\/www.caririemacao.com\/1\/wp-json\/wp\/v2\/media\/321037"}],"wp:attachment":[{"href":"https:\/\/www.caririemacao.com\/1\/wp-json\/wp\/v2\/media?parent=321036"}],"wp:term":[{"taxonomy":"category","embeddable":true,"href":"https:\/\/www.caririemacao.com\/1\/wp-json\/wp\/v2\/categories?post=321036"},{"taxonomy":"post_tag","embeddable":true,"href":"https:\/\/www.caririemacao.com\/1\/wp-json\/wp\/v2\/tags?post=321036"}],"curies":[{"name":"wp","href":"https:\/\/api.w.org\/{rel}","templated":true}]}}