{"id":321040,"date":"2026-08-31T14:21:21","date_gmt":"2026-08-31T17:21:21","guid":{"rendered":"https:\/\/www.caririemacao.com\/1\/?p=321040"},"modified":"2026-08-31T14:21:21","modified_gmt":"2026-08-31T17:21:21","slug":"condutor-de-um-dos-carros-envolvidos-em-colisao-na-br-230-em-campina-grande-poderia-estar-sem-cinto-de-seguranca","status":"publish","type":"post","link":"https:\/\/www.caririemacao.com\/1\/2026\/08\/31\/condutor-de-um-dos-carros-envolvidos-em-colisao-na-br-230-em-campina-grande-poderia-estar-sem-cinto-de-seguranca\/","title":{"rendered":"Condutor de um dos carros envolvidos em colis\u00e3o na BR-230, em Campina Grande, poderia estar sem cinto de seguran\u00e7a"},"content":{"rendered":"<p>distrito de Campina Grande, na noite do domingo (30), que deixou tr\u00eas mortos, poderia estar sem cinto de seguran\u00e7a no momento do impacto. A possibilidade foi levantada pela Pol\u00edcia Rodovi\u00e1ria Federal. Em entrevista para a TV Para\u00edba, o chefe da delegacia da PRF em Campina Grande, Joc\u00eanio Braga, disse que essa possibilidade \u00e9 cr\u00edvel porque com a colis\u00e3o o homem foi arremessado do carro.<\/p>\n<p>Segundo ele, isso indicaria essa situa\u00e7\u00e3o. &#8220;Esse ve\u00edculo fez uma manobra, ou de retorno ou de ultrapassagem e n\u00e3o conseguiu terminar essa ultrapassagem, isso ainda vai ser colocado no laudo definitivo. Ent\u00e3o, ele fez essa manobra, passou para o lado do ve\u00edculo que ia para S\u00e3o Jos\u00e9 da Mata, esse ve\u00edculo colidiu na lateral dele, e com essa colis\u00e3o o condutor foi arremessado para fora do ve\u00edculo, o que leva a gente a entender que ele estava sem cinto de seguran\u00e7a&#8221;, explicou.<\/p>\n<p>O condutor desse carro, e que acabou morrendo, foi identificado como Eric William Fonseca, de 36 anos. Ainda conforme a Pol\u00edcia Rodovi\u00e1ria Federal (PRF), quatro pessoas estavam no outro ve\u00edculo envolvido. O casal foi identificado como Jeferson Mendon\u00e7a Santos e Elisangela de Oliveira Lima, de 28 anos, e estavam nos bancos da frente.<\/p>\n<p>Os dois filhos deles, duas crian\u00e7as de quatro e sete anos de idade, estavam no banco traseiro e ficaram presos \u00e0s ferragens. O Corpo de Bombeiros foi acionado para retirar as crian\u00e7as do carro. Elas foram encaminhadas para o Hospital de Trauma de Ca<\/p>\n<p><em>Fonte: G1 Para\u00edba<\/em><\/p>\n","protected":false},"excerpt":{"rendered":"<p>Erick morreu no local do acidente, em Campina Grande Reprodu\u00e7\u00e3o \/ TV Cabo Branco O condutor de um dos carros envolvidos na colis\u00e3o na BR-230, em S\u00e3o Jos\u00e9 da Mata, distrito de Campina Grande, na noite do domingo (30), que deixou tr\u00eas mortos, poderia estar sem cinto de seguran\u00e7a no momento do impacto. A possibilidade foi levantada pela Pol\u00edcia Rodovi\u00e1ria Federal. &#x2705; Clique aqui para seguir o canal do g1 PB no WhatsApp Em entrevista para a TV Para\u00edba, o chefe da delegacia da PRF em Campina Grande, Joc\u00eanio Braga, disse que essa possibilidade \u00e9 cr\u00edvel porque com a colis\u00e3o o homem foi arremessado do carro. Segundo ele, isso indicaria essa situa\u00e7\u00e3o. &#8220;Esse ve\u00edculo fez uma manobra, ou de retorno ou de ultrapassagem e n\u00e3o conseguiu terminar essa ultrapassagem, isso ainda vai ser colocado no laudo definitivo. Ent\u00e3o, ele fez essa manobra, passou para o lado do ve\u00edculo que ia para S\u00e3o Jos\u00e9 da Mata, esse ve\u00edculo colidiu na lateral dele, e com essa colis\u00e3o o condutor foi arremessado para fora do ve\u00edculo, o que leva a gente a entender que ele estava sem cinto de seguran\u00e7a&#8221;, explicou. O condutor desse carro, e que acabou morrendo, foi identificado como Eric William Fonseca, de 36 anos. Ainda conforme a Pol\u00edcia Rodovi\u00e1ria Federal (PRF), quatro pessoas estavam no outro ve\u00edculo envolvido. O casal foi identificado como Jeferson Mendon\u00e7a Santos e Elisangela de Oliveira Lima, de 28 anos, e estavam nos bancos da frente. Os dois filhos deles, duas crian\u00e7as de quatro e sete anos de idade, estavam no banco traseiro e ficaram presos \u00e0s ferragens. O Corpo de Bombeiros foi acionado para retirar as crian\u00e7as do carro. Elas foram encaminhadas para o Hospital de Trauma de Campina Grande, onde seguem internadas em estado est\u00e1vel. Casal identificado apenas como Jeferson e Nick morreu no local do acidente, em Campina Grande Reprodu\u00e7\u00e3o \/ TV Cabo Branco Agora no g1 V\u00eddeos mais assistidos do g1 Para\u00edba<\/p>\n","protected":false},"author":0,"featured_media":321041,"comment_status":"closed","ping_status":"closed","sticky":false,"template":"","format":"standard","meta":{"sfsi_plus_gutenberg_text_before_share":"","sfsi_plus_gutenberg_show_text_before_share":"","sfsi_plus_gutenberg_icon_type":"","sfsi_plus_gutenberg_icon_alignemt":"","sfsi_plus_gutenburg_max_per_row":"","footnotes":""},"categories":[12],"tags":[],"class_list":["post-321040","post","type-post","status-publish","format-standard","has-post-thumbnail","hentry","category-policia"],"_links":{"self":[{"href":"https:\/\/www.caririemacao.com\/1\/wp-json\/wp\/v2\/posts\/321040","targetHints":{"allow":["GET"]}}],"collection":[{"href":"https:\/\/www.caririemacao.com\/1\/wp-json\/wp\/v2\/posts"}],"about":[{"href":"https:\/\/www.caririemacao.com\/1\/wp-json\/wp\/v2\/types\/post"}],"replies":[{"embeddable":true,"href":"https:\/\/www.caririemacao.com\/1\/wp-json\/wp\/v2\/comments?post=321040"}],"version-history":[{"count":1,"href":"https:\/\/www.caririemacao.com\/1\/wp-json\/wp\/v2\/posts\/321040\/revisions"}],"predecessor-version":[{"id":321042,"href":"https:\/\/www.caririemacao.com\/1\/wp-json\/wp\/v2\/posts\/321040\/revisions\/321042"}],"wp:featuredmedia":[{"embeddable":true,"href":"https:\/\/www.caririemacao.com\/1\/wp-json\/wp\/v2\/media\/321041"}],"wp:attachment":[{"href":"https:\/\/www.caririemacao.com\/1\/wp-json\/wp\/v2\/media?parent=321040"}],"wp:term":[{"taxonomy":"category","embeddable":true,"href":"https:\/\/www.caririemacao.com\/1\/wp-json\/wp\/v2\/categories?post=321040"},{"taxonomy":"post_tag","embeddable":true,"href":"https:\/\/www.caririemacao.com\/1\/wp-json\/wp\/v2\/tags?post=321040"}],"curies":[{"name":"wp","href":"https:\/\/api.w.org\/{rel}","templated":true}]}}