{"id":321063,"date":"2026-08-31T14:39:32","date_gmt":"2026-08-31T17:39:32","guid":{"rendered":"https:\/\/www.caririemacao.com\/1\/?p=321063"},"modified":"2026-08-31T15:36:27","modified_gmt":"2026-08-31T18:36:27","slug":"lionel-messi-anuncia-aposentadoria-da-selecao-da-argentina-aos-39-anos","status":"publish","type":"post","link":"https:\/\/www.caririemacao.com\/1\/2026\/08\/31\/lionel-messi-anuncia-aposentadoria-da-selecao-da-argentina-aos-39-anos\/","title":{"rendered":"Lionel Messi anuncia aposentadoria da sele\u00e7\u00e3o da Argentina aos 39 anos"},"content":{"rendered":"<div class=\"mb-4\">\n<div class=\"text-excerpt text-gray-600 hero-mobile w-full [&amp;_.instagram-media]:w-full [&amp;_.instagram-media]:max-w-full [&amp;_.instagram-media]:mx-auto\"><em><strong>O craque Lionel Messi anunciou oficialmente nesta segunda-feira sua aposentadoria da sele\u00e7\u00e3o da Argentina, fechando um ciclo hist\u00f3rico de mais de 20 anos.<\/strong><\/em><\/div>\n<\/div>\n<div class=\"flex items-center gap-3\"><\/div>\n<div>\n<p>O craque\u00a0Lionel Messi\u00a0anunciou oficialmente a sua aposentadoria definitiva da sele\u00e7\u00e3o da Argentina nesta segunda-feira (31), encerrando de forma oficial um ciclo lend\u00e1rio de mais de\u00a020 anos\u00a0vestindo a camisa albiceleste. A decis\u00e3o foi compartilhada com o p\u00fablico por meio de uma carta manuscrita, redigida pelo pr\u00f3prio punho do jogador, publicada em suas contas nas redes sociais.<\/p>\n<p>O camisa 10 e capit\u00e3o explicou que a resolu\u00e7\u00e3o amadureceu ap\u00f3s um longo per\u00edodo de introspec\u00e7\u00e3o iniciado logo ap\u00f3s o encerramento da Copa do Mundo de 2026, disputada na Am\u00e9rica do Norte, onde a Argentina acabou derrotada na grande final pela sele\u00e7\u00e3o da Espanha.<\/p>\n<p>Na carta aberta direcionada aos torcedores argentinos e amantes do esporte, Messi demonstrou imensa gratid\u00e3o, mas foi taxativo ao apontar que o seu ciclo competitivo em n\u00edvel de sele\u00e7\u00f5es chegou ao limite f\u00edsico e t\u00e9cnico:<\/p>\n<blockquote><p>\u201cDepois de todo esse tempo desde a partida final, e ap\u00f3s muita reflex\u00e3o, quero anunciar a todos que decidi me aposentar da sele\u00e7\u00e3o.\u201d<\/p><\/blockquote>\n<blockquote><p>\u201cDei tudo de mim, n\u00e3o tenho mais nada a oferecer e, al\u00e9m disso, h\u00e1 jovens muito bons chegando que merecem sua oportunidade.\u201d<\/p><\/blockquote>\n<p>Messi pontuou que o surgimento de uma nova e talentosa gera\u00e7\u00e3o de atletas argentinos foi um fator crucial para que ele se sentisse confort\u00e1vel em dar um passo atr\u00e1s, assegurando a renova\u00e7\u00e3o saud\u00e1vel da equipe nacional.<\/p>\n<p>O craque argentino ainda declarou em sua postagem que escreveu a carta em 21 de julho, dois dias depois da final da Copa do Mundo. \u201cHoje, depois do que aconteceu com meu pai, estou mais convencido do que antes\u201d, finalizou.<\/p>\n<h2>O Legado do Maior da Hist\u00f3ria da Albiceleste<\/h2>\n<p>A \u00faltima apresenta\u00e7\u00e3o oficial do g\u00eanio com as cores da Argentina ocorreu no dia\u00a019 de julho de 2026, na dolorosa derrota por 1 a 0 diante dos espanh\u00f3is, na prorroga\u00e7\u00e3o da final\u00edssima do Mundial. Apesar do vice-campeonato recente, a trajet\u00f3ria de Lionel Messi com a sele\u00e7\u00e3o nacional foi coroada com a reden\u00e7\u00e3o m\u00e1xima ap\u00f3s anos de cobran\u00e7as.<\/p>\n<p>Em 2022 a Argentina foi campe\u00e3 da Copa do Mundo da FIFA, no Catar, simbolizando um marco. Al\u00e9m disso, a sele\u00e7\u00e3o argentina celebra tamb\u00e9m conquistas expressivas da Copa Am\u00e9rica e da Copa dos Campe\u00f5es Conmebol-UEFA.<\/p>\n<p>Messi encerra o ciclo hist\u00f3rico consolidado de forma absoluta como o maior artilheiro e o jogador com mais partidas disputadas na hist\u00f3ria da Sele\u00e7\u00e3o Argentina.<\/p>\n<p>CARIRI EM A\u00c7\u00c3O<\/p>\n<p>Com Click PB<\/p>\n<\/div>\n","protected":false},"excerpt":{"rendered":"<p>O craque Lionel Messi anunciou oficialmente nesta segunda-feira sua aposentadoria da sele\u00e7\u00e3o da Argentina, fechando um ciclo hist\u00f3rico de mais de 20 anos. O craque\u00a0Lionel Messi\u00a0anunciou oficialmente a sua aposentadoria definitiva da sele\u00e7\u00e3o da Argentina nesta segunda-feira (31), encerrando de forma oficial um ciclo lend\u00e1rio de mais de\u00a020 anos\u00a0vestindo a camisa albiceleste. A decis\u00e3o foi compartilhada com o p\u00fablico por meio de uma carta manuscrita, redigida pelo pr\u00f3prio punho do jogador, publicada em suas contas nas redes sociais. O camisa 10 e capit\u00e3o explicou que a resolu\u00e7\u00e3o amadureceu ap\u00f3s um longo per\u00edodo de introspec\u00e7\u00e3o iniciado logo ap\u00f3s o encerramento da Copa do Mundo de 2026, disputada na Am\u00e9rica do Norte, onde a Argentina acabou derrotada na grande final pela sele\u00e7\u00e3o da Espanha. Na carta aberta direcionada aos torcedores argentinos e amantes do esporte, Messi demonstrou imensa gratid\u00e3o, mas foi taxativo ao apontar que o seu ciclo competitivo em n\u00edvel de sele\u00e7\u00f5es chegou ao limite f\u00edsico e t\u00e9cnico: \u201cDepois de todo esse tempo desde a partida final, e ap\u00f3s muita reflex\u00e3o, quero anunciar a todos que decidi me aposentar da sele\u00e7\u00e3o.\u201d \u201cDei tudo de mim, n\u00e3o tenho mais nada a oferecer e, al\u00e9m disso, h\u00e1 jovens muito bons chegando que merecem sua oportunidade.\u201d Messi pontuou que o surgimento de uma nova e talentosa gera\u00e7\u00e3o de atletas argentinos foi um fator crucial para que ele se sentisse confort\u00e1vel em dar um passo atr\u00e1s, assegurando a renova\u00e7\u00e3o saud\u00e1vel da equipe nacional. O craque argentino ainda declarou em sua postagem que escreveu a carta em 21 de julho, dois dias depois da final da Copa do Mundo. \u201cHoje, depois do que aconteceu com meu pai, estou mais convencido do que antes\u201d, finalizou. O Legado do Maior da Hist\u00f3ria da Albiceleste A \u00faltima apresenta\u00e7\u00e3o oficial do g\u00eanio com as cores da Argentina ocorreu no dia\u00a019 de julho de 2026, na dolorosa derrota por 1 a 0 diante dos espanh\u00f3is, na prorroga\u00e7\u00e3o da final\u00edssima do Mundial. Apesar do vice-campeonato recente, a trajet\u00f3ria de Lionel Messi com a sele\u00e7\u00e3o nacional foi coroada com a reden\u00e7\u00e3o m\u00e1xima ap\u00f3s anos de cobran\u00e7as. Em 2022 a Argentina foi campe\u00e3 da Copa do Mundo da FIFA, no Catar, simbolizando um marco. Al\u00e9m disso, a sele\u00e7\u00e3o argentina celebra tamb\u00e9m conquistas expressivas da Copa Am\u00e9rica e da Copa dos Campe\u00f5es Conmebol-UEFA. Messi encerra o ciclo hist\u00f3rico consolidado de forma absoluta como o maior artilheiro e o jogador com mais partidas disputadas na hist\u00f3ria da Sele\u00e7\u00e3o Argentina. CARIRI EM A\u00c7\u00c3O Com Click PB<\/p>\n","protected":false},"author":6,"featured_media":321064,"comment_status":"closed","ping_status":"closed","sticky":false,"template":"","format":"standard","meta":{"sfsi_plus_gutenberg_text_before_share":"","sfsi_plus_gutenberg_show_text_before_share":"","sfsi_plus_gutenberg_icon_type":"","sfsi_plus_gutenberg_icon_alignemt":"","sfsi_plus_gutenburg_max_per_row":"","footnotes":""},"categories":[15],"tags":[],"class_list":["post-321063","post","type-post","status-publish","format-standard","has-post-thumbnail","hentry","category-cultura"],"_links":{"self":[{"href":"https:\/\/www.caririemacao.com\/1\/wp-json\/wp\/v2\/posts\/321063","targetHints":{"allow":["GET"]}}],"collection":[{"href":"https:\/\/www.caririemacao.com\/1\/wp-json\/wp\/v2\/posts"}],"about":[{"href":"https:\/\/www.caririemacao.com\/1\/wp-json\/wp\/v2\/types\/post"}],"author":[{"embeddable":true,"href":"https:\/\/www.caririemacao.com\/1\/wp-json\/wp\/v2\/users\/6"}],"replies":[{"embeddable":true,"href":"https:\/\/www.caririemacao.com\/1\/wp-json\/wp\/v2\/comments?post=321063"}],"version-history":[{"count":1,"href":"https:\/\/www.caririemacao.com\/1\/wp-json\/wp\/v2\/posts\/321063\/revisions"}],"predecessor-version":[{"id":321065,"href":"https:\/\/www.caririemacao.com\/1\/wp-json\/wp\/v2\/posts\/321063\/revisions\/321065"}],"wp:featuredmedia":[{"embeddable":true,"href":"https:\/\/www.caririemacao.com\/1\/wp-json\/wp\/v2\/media\/321064"}],"wp:attachment":[{"href":"https:\/\/www.caririemacao.com\/1\/wp-json\/wp\/v2\/media?parent=321063"}],"wp:term":[{"taxonomy":"category","embeddable":true,"href":"https:\/\/www.caririemacao.com\/1\/wp-json\/wp\/v2\/categories?post=321063"},{"taxonomy":"post_tag","embeddable":true,"href":"https:\/\/www.caririemacao.com\/1\/wp-json\/wp\/v2\/tags?post=321063"}],"curies":[{"name":"wp","href":"https:\/\/api.w.org\/{rel}","templated":true}]}}