{"id":321066,"date":"2026-08-31T15:17:42","date_gmt":"2026-08-31T18:17:42","guid":{"rendered":"https:\/\/www.caririemacao.com\/1\/?p=321066"},"modified":"2026-08-31T15:17:42","modified_gmt":"2026-08-31T18:17:42","slug":"iv-expossu-movimenta-sao-sebastiao-do-umbuzeiro-nos-dias-11-e-12-de-setembro","status":"publish","type":"post","link":"https:\/\/www.caririemacao.com\/1\/2026\/08\/31\/iv-expossu-movimenta-sao-sebastiao-do-umbuzeiro-nos-dias-11-e-12-de-setembro\/","title":{"rendered":"IV EXPOSSU movimenta S\u00e3o Sebasti\u00e3o do Umbuzeiro nos dias 11 e 12 de setembro"},"content":{"rendered":"<p class=\"PDq2pG_selectionAnchorContainer\" data-start=\"94\" data-end=\"437\">S\u00e3o Sebasti\u00e3o do Umbuzeiro, no Cariri paraibano, se prepara para realizar, nos pr\u00f3ximos dias 11 e 12 de setembro, a IV EXPOSSU \u2013 Feira de Caprinovinocultura. Promovido pela Prefeitura Municipal, o evento chega a mais uma edi\u00e7\u00e3o com a proposta de valorizar os produtores, fortalecer a caprinocultura e movimentar a economia do munic\u00edpio.<\/p>\n<p data-start=\"439\" data-end=\"655\">A feira reunir\u00e1 criadores, produtores rurais, expositores, institui\u00e7\u00f5es parceiras e visitantes, refor\u00e7ando a import\u00e2ncia da cria\u00e7\u00e3o de caprinos e ovinos para S\u00e3o Sebasti\u00e3o do Umbuzeiro e para toda a regi\u00e3o do Cariri.<\/p>\n<p data-start=\"657\" data-end=\"991\">Al\u00e9m das atividades direcionadas ao setor produtivo, duas atra\u00e7\u00f5es musicais j\u00e1 est\u00e3o confirmadas. No dia 11 de setembro, a abertura contar\u00e1 com Dad\u00e1 Aboiador, levando ao palco o aboio, o forr\u00f3 e elementos da cultura nordestina. J\u00e1 no dia 12, ser\u00e1 a vez de Walison Vaqueiro, que encerrar\u00e1 a programa\u00e7\u00e3o com muito forr\u00f3.<\/p>\n<p data-start=\"993\" data-end=\"1238\">A prefeita Adalcy Freitas destacou que a EXPOSSU vai al\u00e9m da realiza\u00e7\u00e3o de uma feira, representando um momento de reconhecimento aos homens e mulheres que fazem da atividade agropecu\u00e1ria uma importante fonte de trabalho e renda no munic\u00edpio.<\/p>\n<p data-start=\"993\" data-end=\"1238\">\u201cA caprinocultura tem uma import\u00e2ncia muito grande para S\u00e3o Sebasti\u00e3o do Umbuzeiro e para o nosso Cariri. A EXPOSSU nasceu justamente para valorizar nossos criadores, abrir oportunidades, incentivar a produ\u00e7\u00e3o e mostrar a for\u00e7a de quem vive e trabalha no campo. Estamos preparando mais uma edi\u00e7\u00e3o com muito carinho para receber produtores e visitantes de toda a regi\u00e3o\u201d, afirmou Adalcy Freitas.<\/p>\n<p data-start=\"1638\" data-end=\"1767\">Segundo a prefeita, fortalecer a atividade tamb\u00e9m significa contribuir diretamente para o desenvolvimento econ\u00f4mico do munic\u00edpio.<\/p>\n<p data-start=\"1638\" data-end=\"1767\">\u201cQuando apoiamos o produtor e fortalecemos a caprinocultura, estamos ajudando a gerar renda e movimentar nossa economia. Queremos que a EXPOSSU continue crescendo e se consolidando como uma vitrine para aquilo que S\u00e3o Sebasti\u00e3o do Umbuzeiro produz e tem de melhor\u201d, acrescentou.<\/p>\n<p data-start=\"2051\" data-end=\"2347\" data-is-last-node=\"\" data-is-only-node=\"\">A IV EXPOSSU conta com a participa\u00e7\u00e3o e o apoio de institui\u00e7\u00f5es parceiras e ter\u00e1 sua programa\u00e7\u00e3o completa divulgada pela Prefeitura. Al\u00e9m dos shows, a expectativa \u00e9 de atividades voltadas aos produtores, exposi\u00e7\u00f5es e a\u00e7\u00f5es relacionadas ao fortalecimento da cadeia produtiva da caprinovinocultura.<\/p>\n<p data-start=\"2051\" data-end=\"2347\" data-is-last-node=\"\" data-is-only-node=\"\"><strong>CARIRI EM A\u00c7\u00c3O<\/strong><\/p>\n","protected":false},"excerpt":{"rendered":"<p>S\u00e3o Sebasti\u00e3o do Umbuzeiro, no Cariri paraibano, se prepara para realizar, nos pr\u00f3ximos dias 11 e 12 de setembro, a IV EXPOSSU \u2013 Feira de Caprinovinocultura. Promovido pela Prefeitura Municipal, o evento chega a mais uma edi\u00e7\u00e3o com a proposta de valorizar os produtores, fortalecer a caprinocultura e movimentar a economia do munic\u00edpio. A feira reunir\u00e1 criadores, produtores rurais, expositores, institui\u00e7\u00f5es parceiras e visitantes, refor\u00e7ando a import\u00e2ncia da cria\u00e7\u00e3o de caprinos e ovinos para S\u00e3o Sebasti\u00e3o do Umbuzeiro e para toda a regi\u00e3o do Cariri. Al\u00e9m das atividades direcionadas ao setor produtivo, duas atra\u00e7\u00f5es musicais j\u00e1 est\u00e3o confirmadas. No dia 11 de setembro, a abertura contar\u00e1 com Dad\u00e1 Aboiador, levando ao palco o aboio, o forr\u00f3 e elementos da cultura nordestina. J\u00e1 no dia 12, ser\u00e1 a vez de Walison Vaqueiro, que encerrar\u00e1 a programa\u00e7\u00e3o com muito forr\u00f3. A prefeita Adalcy Freitas destacou que a EXPOSSU vai al\u00e9m da realiza\u00e7\u00e3o de uma feira, representando um momento de reconhecimento aos homens e mulheres que fazem da atividade agropecu\u00e1ria uma importante fonte de trabalho e renda no munic\u00edpio. \u201cA caprinocultura tem uma import\u00e2ncia muito grande para S\u00e3o Sebasti\u00e3o do Umbuzeiro e para o nosso Cariri. A EXPOSSU nasceu justamente para valorizar nossos criadores, abrir oportunidades, incentivar a produ\u00e7\u00e3o e mostrar a for\u00e7a de quem vive e trabalha no campo. Estamos preparando mais uma edi\u00e7\u00e3o com muito carinho para receber produtores e visitantes de toda a regi\u00e3o\u201d, afirmou Adalcy Freitas. Segundo a prefeita, fortalecer a atividade tamb\u00e9m significa contribuir diretamente para o desenvolvimento econ\u00f4mico do munic\u00edpio. \u201cQuando apoiamos o produtor e fortalecemos a caprinocultura, estamos ajudando a gerar renda e movimentar nossa economia. Queremos que a EXPOSSU continue crescendo e se consolidando como uma vitrine para aquilo que S\u00e3o Sebasti\u00e3o do Umbuzeiro produz e tem de melhor\u201d, acrescentou. A IV EXPOSSU conta com a participa\u00e7\u00e3o e o apoio de institui\u00e7\u00f5es parceiras e ter\u00e1 sua programa\u00e7\u00e3o completa divulgada pela Prefeitura. Al\u00e9m dos shows, a expectativa \u00e9 de atividades voltadas aos produtores, exposi\u00e7\u00f5es e a\u00e7\u00f5es relacionadas ao fortalecimento da cadeia produtiva da caprinovinocultura. CARIRI EM A\u00c7\u00c3O<\/p>\n","protected":false},"author":6,"featured_media":321067,"comment_status":"closed","ping_status":"closed","sticky":false,"template":"","format":"standard","meta":{"sfsi_plus_gutenberg_text_before_share":"","sfsi_plus_gutenberg_show_text_before_share":"","sfsi_plus_gutenberg_icon_type":"","sfsi_plus_gutenberg_icon_alignemt":"","sfsi_plus_gutenburg_max_per_row":"","footnotes":""},"categories":[106],"tags":[],"class_list":["post-321066","post","type-post","status-publish","format-standard","has-post-thumbnail","hentry","category-cariri"],"_links":{"self":[{"href":"https:\/\/www.caririemacao.com\/1\/wp-json\/wp\/v2\/posts\/321066","targetHints":{"allow":["GET"]}}],"collection":[{"href":"https:\/\/www.caririemacao.com\/1\/wp-json\/wp\/v2\/posts"}],"about":[{"href":"https:\/\/www.caririemacao.com\/1\/wp-json\/wp\/v2\/types\/post"}],"author":[{"embeddable":true,"href":"https:\/\/www.caririemacao.com\/1\/wp-json\/wp\/v2\/users\/6"}],"replies":[{"embeddable":true,"href":"https:\/\/www.caririemacao.com\/1\/wp-json\/wp\/v2\/comments?post=321066"}],"version-history":[{"count":1,"href":"https:\/\/www.caririemacao.com\/1\/wp-json\/wp\/v2\/posts\/321066\/revisions"}],"predecessor-version":[{"id":321068,"href":"https:\/\/www.caririemacao.com\/1\/wp-json\/wp\/v2\/posts\/321066\/revisions\/321068"}],"wp:featuredmedia":[{"embeddable":true,"href":"https:\/\/www.caririemacao.com\/1\/wp-json\/wp\/v2\/media\/321067"}],"wp:attachment":[{"href":"https:\/\/www.caririemacao.com\/1\/wp-json\/wp\/v2\/media?parent=321066"}],"wp:term":[{"taxonomy":"category","embeddable":true,"href":"https:\/\/www.caririemacao.com\/1\/wp-json\/wp\/v2\/categories?post=321066"},{"taxonomy":"post_tag","embeddable":true,"href":"https:\/\/www.caririemacao.com\/1\/wp-json\/wp\/v2\/tags?post=321066"}],"curies":[{"name":"wp","href":"https:\/\/api.w.org\/{rel}","templated":true}]}}