{"id":321069,"date":"2026-08-31T15:20:19","date_gmt":"2026-08-31T18:20:19","guid":{"rendered":"https:\/\/www.caririemacao.com\/1\/?p=321069"},"modified":"2026-08-31T15:20:19","modified_gmt":"2026-08-31T18:20:19","slug":"em-sume-dr-jhony-destaca-acoes-na-saude-e-apresenta-propostas-para-o-cariri","status":"publish","type":"post","link":"https:\/\/www.caririemacao.com\/1\/2026\/08\/31\/em-sume-dr-jhony-destaca-acoes-na-saude-e-apresenta-propostas-para-o-cariri\/","title":{"rendered":"Em Sum\u00e9, Dr. Jhony destaca a\u00e7\u00f5es na sa\u00fade e apresenta propostas para o Cariri"},"content":{"rendered":"<p>O candidato a deputado federal Dr. Jhony cumpriu agenda na manh\u00e3 desta segunda-feira (31), em Sum\u00e9, no Cariri paraibano. Ao lado dos vereadores Jos\u00e9 Ant\u00f4nio, ex-vereadores Ant\u00f4nio Carlos e Roberto, al\u00e9m de lideran\u00e7as pol\u00edticas, empres\u00e1rios, apoiadores e militantes, o candidato percorreu o com\u00e9rcio e a feira livre do munic\u00edpio.<\/p>\n<p>Durante entrevista ao Portal Cariri em A\u00e7\u00e3o, Dr. Jhony destacou sua rela\u00e7\u00e3o com a regi\u00e3o e afirmou que retorna ao Cariri com uma trajet\u00f3ria de servi\u00e7os prestados, principalmente na \u00e1rea da sa\u00fade. Entre as a\u00e7\u00f5es citadas, ressaltou sua participa\u00e7\u00e3o na implanta\u00e7\u00e3o do servi\u00e7o de hemodi\u00e1lise em Monteiro.<\/p>\n<p>O candidato tamb\u00e9m relembrou sua atua\u00e7\u00e3o como m\u00e9dico cirurgi\u00e3o no Hospital Regional Santa Filomena e, posteriormente, na Secretaria de Estado da Sa\u00fade. Ele citou avan\u00e7os como a implanta\u00e7\u00e3o de leitos de UTI, tomografia, realiza\u00e7\u00e3o de cirurgias de maior complexidade e a\u00e7\u00f5es dos programas Opera Para\u00edba e Cora\u00e7\u00e3o Paraibano.<\/p>\n<p>Dr. Jhony afirmou que pretende levar sua experi\u00eancia na gest\u00e3o da sa\u00fade para a C\u00e2mara dos Deputados e ampliar a defesa dos interesses dos munic\u00edpios do Cariri paraibano. \u201cSe eu fiz muito como secret\u00e1rio de Sa\u00fade, eu posso fazer muito mais como deputado federal\u201d, declarou.<\/p>\n<p><strong>Cariri em A\u00e7\u00e3o \u2014 integrando toda a regi\u00e3o<\/strong><\/p>\n","protected":false},"excerpt":{"rendered":"<p>O candidato a deputado federal Dr. Jhony cumpriu agenda na manh\u00e3 desta segunda-feira (31), em Sum\u00e9, no Cariri paraibano. Ao lado dos vereadores Jos\u00e9 Ant\u00f4nio, ex-vereadores Ant\u00f4nio Carlos e Roberto, al\u00e9m de lideran\u00e7as pol\u00edticas, empres\u00e1rios, apoiadores e militantes, o candidato percorreu o com\u00e9rcio e a feira livre do munic\u00edpio. Durante entrevista ao Portal Cariri em A\u00e7\u00e3o, Dr. Jhony destacou sua rela\u00e7\u00e3o com a regi\u00e3o e afirmou que retorna ao Cariri com uma trajet\u00f3ria de servi\u00e7os prestados, principalmente na \u00e1rea da sa\u00fade. Entre as a\u00e7\u00f5es citadas, ressaltou sua participa\u00e7\u00e3o na implanta\u00e7\u00e3o do servi\u00e7o de hemodi\u00e1lise em Monteiro. O candidato tamb\u00e9m relembrou sua atua\u00e7\u00e3o como m\u00e9dico cirurgi\u00e3o no Hospital Regional Santa Filomena e, posteriormente, na Secretaria de Estado da Sa\u00fade. Ele citou avan\u00e7os como a implanta\u00e7\u00e3o de leitos de UTI, tomografia, realiza\u00e7\u00e3o de cirurgias de maior complexidade e a\u00e7\u00f5es dos programas Opera Para\u00edba e Cora\u00e7\u00e3o Paraibano. Dr. Jhony afirmou que pretende levar sua experi\u00eancia na gest\u00e3o da sa\u00fade para a C\u00e2mara dos Deputados e ampliar a defesa dos interesses dos munic\u00edpios do Cariri paraibano. \u201cSe eu fiz muito como secret\u00e1rio de Sa\u00fade, eu posso fazer muito mais como deputado federal\u201d, declarou. Cariri em A\u00e7\u00e3o \u2014 integrando toda a regi\u00e3o<\/p>\n","protected":false},"author":6,"featured_media":321070,"comment_status":"closed","ping_status":"closed","sticky":false,"template":"","format":"standard","meta":{"sfsi_plus_gutenberg_text_before_share":"","sfsi_plus_gutenberg_show_text_before_share":"","sfsi_plus_gutenberg_icon_type":"","sfsi_plus_gutenberg_icon_alignemt":"","sfsi_plus_gutenburg_max_per_row":"","footnotes":""},"categories":[6],"tags":[],"class_list":["post-321069","post","type-post","status-publish","format-standard","has-post-thumbnail","hentry","category-cidades"],"_links":{"self":[{"href":"https:\/\/www.caririemacao.com\/1\/wp-json\/wp\/v2\/posts\/321069","targetHints":{"allow":["GET"]}}],"collection":[{"href":"https:\/\/www.caririemacao.com\/1\/wp-json\/wp\/v2\/posts"}],"about":[{"href":"https:\/\/www.caririemacao.com\/1\/wp-json\/wp\/v2\/types\/post"}],"author":[{"embeddable":true,"href":"https:\/\/www.caririemacao.com\/1\/wp-json\/wp\/v2\/users\/6"}],"replies":[{"embeddable":true,"href":"https:\/\/www.caririemacao.com\/1\/wp-json\/wp\/v2\/comments?post=321069"}],"version-history":[{"count":1,"href":"https:\/\/www.caririemacao.com\/1\/wp-json\/wp\/v2\/posts\/321069\/revisions"}],"predecessor-version":[{"id":321071,"href":"https:\/\/www.caririemacao.com\/1\/wp-json\/wp\/v2\/posts\/321069\/revisions\/321071"}],"wp:featuredmedia":[{"embeddable":true,"href":"https:\/\/www.caririemacao.com\/1\/wp-json\/wp\/v2\/media\/321070"}],"wp:attachment":[{"href":"https:\/\/www.caririemacao.com\/1\/wp-json\/wp\/v2\/media?parent=321069"}],"wp:term":[{"taxonomy":"category","embeddable":true,"href":"https:\/\/www.caririemacao.com\/1\/wp-json\/wp\/v2\/categories?post=321069"},{"taxonomy":"post_tag","embeddable":true,"href":"https:\/\/www.caririemacao.com\/1\/wp-json\/wp\/v2\/tags?post=321069"}],"curies":[{"name":"wp","href":"https:\/\/api.w.org\/{rel}","templated":true}]}}