{"id":321073,"date":"2026-08-31T15:21:25","date_gmt":"2026-08-31T18:21:25","guid":{"rendered":"https:\/\/www.caririemacao.com\/1\/?p=321073"},"modified":"2026-08-31T15:21:25","modified_gmt":"2026-08-31T18:21:25","slug":"efraim-filho-visita-hospital-e-defende-aumento-de-telemedicina-na-saude-da-paraiba","status":"publish","type":"post","link":"https:\/\/www.caririemacao.com\/1\/2026\/08\/31\/efraim-filho-visita-hospital-e-defende-aumento-de-telemedicina-na-saude-da-paraiba\/","title":{"rendered":"Efraim Filho visita hospital e defende aumento de telemedicina na sa\u00fade da Para\u00edba"},"content":{"rendered":"<p>Efraim Filho visita hospital e defende aumento de telemedicina na sa\u00fade da Para\u00edba<br \/>\nTV Cabo Branco<br \/>\nO candidato ao governo da Para\u00edba, Efraim Filho (PL), visitou o Hospital S\u00e3o Vicente de Paulo, em Jo\u00e3o Pessoa, nesta segunda-feira (31). Ele tamb\u00e9m conversou com eleitores e fez imagens na entrada da unidade. Na visita, Efraim disse que defende a telemedicina na sa\u00fade do estado como forma de melhorar o acesso.<\/p>\n<p>Para a TV Cabo Branco, o candidato disse que o aux\u00edlio tecnol\u00f3gico da telemedicina pode ser o caminho para aumentar os atendimentos m\u00e9dicos \u00e0 popula\u00e7\u00e3o da Para\u00edba e tamb\u00e9m atender outras demandas relacionadas \u00e0 sa\u00fade p\u00fablica, como exames. &#8220;O caos na sa\u00fade p\u00fablica hoje na Para\u00edba a gente consegue trazer tecnologia para ser uma das solu\u00e7\u00f5es. \u00c9 muita fila, muito exame, muita consulta, muito rem\u00e9dio que demora para chegar, e o nosso plano de sa\u00fade se chama &#8216;Sa\u00fade na Palma da M\u00e3o&#8217;.<\/p>\n<p>Hoje a tecnologia tem que ser a sa\u00edda, faz uma videochamada com sua fam\u00edlia, por qu\u00ea n\u00e3o fazer um especialista? N\u00f3s vamos ter um centro de tecnologia em especialidades, onde v\u00e3o ter especialistas&#8221;, disse. Segundo o candidato, esse centro vai atender todos os munic\u00edpios da Para\u00edba com os especialistas.<\/p>\n<p>O candidato afirmou, ainda, que isso vai contribuir para a menor necessidade de deslocamento por quest\u00f5es m\u00e9dicas entre cidades. A agenda de Efraim Filho no dia seguiu com a grava\u00e7\u00e3o para o guia eleitoral e tamb\u00e9m uma reuni\u00e3o com a coordena\u00e7\u00e3o de campanha. Agora no g1<br \/>\nV\u00eddeos mais assistidos do g1 Para\u00edba<\/p>\n<p><em>Fonte: G1 Para\u00edba<\/em><\/p>\n","protected":false},"excerpt":{"rendered":"<p>Efraim Filho visita hospital e defende aumento de telemedicina na sa\u00fade da Para\u00edba TV Cabo Branco O candidato ao governo da Para\u00edba, Efraim Filho (PL), visitou o Hospital S\u00e3o Vicente de Paulo, em Jo\u00e3o Pessoa, nesta segunda-feira (31). Ele tamb\u00e9m conversou com eleitores e fez imagens na entrada da unidade. Na visita, Efraim disse que defende a telemedicina na sa\u00fade do estado como forma de melhorar o acesso. &#x2705; Clique aqui para seguir o canal do g1 PB no WhatsApp Para a TV Cabo Branco, o candidato disse que o aux\u00edlio tecnol\u00f3gico da telemedicina pode ser o caminho para aumentar os atendimentos m\u00e9dicos \u00e0 popula\u00e7\u00e3o da Para\u00edba e tamb\u00e9m atender outras demandas relacionadas \u00e0 sa\u00fade p\u00fablica, como exames. &#8220;O caos na sa\u00fade p\u00fablica hoje na Para\u00edba a gente consegue trazer tecnologia para ser uma das solu\u00e7\u00f5es. \u00c9 muita fila, muito exame, muita consulta, muito rem\u00e9dio que demora para chegar, e o nosso plano de sa\u00fade se chama &#8216;Sa\u00fade na Palma da M\u00e3o&#8217;. Hoje a tecnologia tem que ser a sa\u00edda, faz uma videochamada com sua fam\u00edlia, por qu\u00ea n\u00e3o fazer um especialista? N\u00f3s vamos ter um centro de tecnologia em especialidades, onde v\u00e3o ter especialistas&#8221;, disse. Segundo o candidato, esse centro vai atender todos os munic\u00edpios da Para\u00edba com os especialistas. O candidato afirmou, ainda, que isso vai contribuir para a menor necessidade de deslocamento por quest\u00f5es m\u00e9dicas entre cidades. A agenda de Efraim Filho no dia seguiu com a grava\u00e7\u00e3o para o guia eleitoral e tamb\u00e9m uma reuni\u00e3o com a coordena\u00e7\u00e3o de campanha. Agora no g1 V\u00eddeos mais assistidos do g1 Para\u00edba<\/p>\n","protected":false},"author":0,"featured_media":321074,"comment_status":"closed","ping_status":"closed","sticky":false,"template":"","format":"standard","meta":{"sfsi_plus_gutenberg_text_before_share":"","sfsi_plus_gutenberg_show_text_before_share":"","sfsi_plus_gutenberg_icon_type":"","sfsi_plus_gutenberg_icon_alignemt":"","sfsi_plus_gutenburg_max_per_row":"","footnotes":""},"categories":[104],"tags":[],"class_list":["post-321073","post","type-post","status-publish","format-standard","has-post-thumbnail","hentry","category-paraiba"],"_links":{"self":[{"href":"https:\/\/www.caririemacao.com\/1\/wp-json\/wp\/v2\/posts\/321073","targetHints":{"allow":["GET"]}}],"collection":[{"href":"https:\/\/www.caririemacao.com\/1\/wp-json\/wp\/v2\/posts"}],"about":[{"href":"https:\/\/www.caririemacao.com\/1\/wp-json\/wp\/v2\/types\/post"}],"replies":[{"embeddable":true,"href":"https:\/\/www.caririemacao.com\/1\/wp-json\/wp\/v2\/comments?post=321073"}],"version-history":[{"count":1,"href":"https:\/\/www.caririemacao.com\/1\/wp-json\/wp\/v2\/posts\/321073\/revisions"}],"predecessor-version":[{"id":321075,"href":"https:\/\/www.caririemacao.com\/1\/wp-json\/wp\/v2\/posts\/321073\/revisions\/321075"}],"wp:featuredmedia":[{"embeddable":true,"href":"https:\/\/www.caririemacao.com\/1\/wp-json\/wp\/v2\/media\/321074"}],"wp:attachment":[{"href":"https:\/\/www.caririemacao.com\/1\/wp-json\/wp\/v2\/media?parent=321073"}],"wp:term":[{"taxonomy":"category","embeddable":true,"href":"https:\/\/www.caririemacao.com\/1\/wp-json\/wp\/v2\/categories?post=321073"},{"taxonomy":"post_tag","embeddable":true,"href":"https:\/\/www.caririemacao.com\/1\/wp-json\/wp\/v2\/tags?post=321073"}],"curies":[{"name":"wp","href":"https:\/\/api.w.org\/{rel}","templated":true}]}}