{"id":321076,"date":"2026-08-31T15:21:28","date_gmt":"2026-08-31T18:21:28","guid":{"rendered":"https:\/\/www.caririemacao.com\/1\/?p=321076"},"modified":"2026-08-31T15:24:54","modified_gmt":"2026-08-31T18:24:54","slug":"tse-suspende-campanha-de-renan-santos-a-presidencia","status":"publish","type":"post","link":"https:\/\/www.caririemacao.com\/1\/2026\/08\/31\/tse-suspende-campanha-de-renan-santos-a-presidencia\/","title":{"rendered":"TSE suspende campanha de Renan Santos \u00e0 Presid\u00eancia"},"content":{"rendered":"<p>O ministro do Supremo Tribunal Federal (STF) e do Tribunal Superior Eleitoral (TSE), Dias Toffoli, suspendeu a campanha eleitoral de Renan Santos (Miss\u00e3o). <a href=\"https:\/\/noticias.r7.com\/eleicoes\/2026\/tse-suspende-campanha-de-renan-santos-a-presidencia-31082026\/\">(Essa mat\u00e9ria foi publicada antes pelo Portal R7)<\/a>.<\/p>\n<p>A decis\u00e3o foi motivada pela omiss\u00e3o de 16 perfis em redes sociais. Segundo Toffoli, Santos informou ao TSE apenas um de seus perfis, e isso s\u00f3 ocorreu 12 dias ap\u00f3s o pedido de registro de candidatura.<\/p>\n<p>O ministro argumentou que Renan Santos teria se beneficiado ao n\u00e3o informar um dos perfis no Instagram que era utilizado para atividades de campanha.<\/p>\n<p>Com a decis\u00e3o, o candidato fica proibido de participar de debates em r\u00e1dio, televis\u00e3o, podcasts ou qualquer outro meio. Ele tamb\u00e9m n\u00e3o poder\u00e1 realizar propaganda eleitoral em plataformas digitais, como sites, blogs, redes sociais e aplicativos de mensagens.<\/p>\n<p>Al\u00e9m disso, a campanha de Renan Santos ficar\u00e1 sem receber repasses do Fundo Especial de Financiamento de Campanha (FEFC).<\/p>\n<p><strong><a href=\"https:\/\/whatsapp.com\/channel\/0029VaM11seEFeXpuU94Sz2i\" target=\"_blank\" rel=\"noopener\"><\/a><\/strong><\/p>\n<p><em>Fonte: Portal Correio<\/em><\/p>\n","protected":false},"excerpt":{"rendered":"<p>O ministro do Supremo Tribunal Federal (STF) e do Tribunal Superior Eleitoral (TSE), Dias Toffoli, suspendeu a campanha eleitoral de Renan Santos (Miss\u00e3o). (Essa mat\u00e9ria foi publicada antes pelo Portal R7). A decis\u00e3o foi motivada pela omiss\u00e3o de 16 perfis em redes sociais. Segundo Toffoli, Santos informou ao TSE apenas um de seus perfis, e [\u2026]<\/p>\n","protected":false},"author":6,"featured_media":321077,"comment_status":"closed","ping_status":"closed","sticky":false,"template":"","format":"standard","meta":{"sfsi_plus_gutenberg_text_before_share":"","sfsi_plus_gutenberg_show_text_before_share":"","sfsi_plus_gutenberg_icon_type":"","sfsi_plus_gutenberg_icon_alignemt":"","sfsi_plus_gutenburg_max_per_row":"","footnotes":""},"categories":[11],"tags":[],"class_list":["post-321076","post","type-post","status-publish","format-standard","has-post-thumbnail","hentry","category-politica"],"_links":{"self":[{"href":"https:\/\/www.caririemacao.com\/1\/wp-json\/wp\/v2\/posts\/321076","targetHints":{"allow":["GET"]}}],"collection":[{"href":"https:\/\/www.caririemacao.com\/1\/wp-json\/wp\/v2\/posts"}],"about":[{"href":"https:\/\/www.caririemacao.com\/1\/wp-json\/wp\/v2\/types\/post"}],"author":[{"embeddable":true,"href":"https:\/\/www.caririemacao.com\/1\/wp-json\/wp\/v2\/users\/6"}],"replies":[{"embeddable":true,"href":"https:\/\/www.caririemacao.com\/1\/wp-json\/wp\/v2\/comments?post=321076"}],"version-history":[{"count":1,"href":"https:\/\/www.caririemacao.com\/1\/wp-json\/wp\/v2\/posts\/321076\/revisions"}],"predecessor-version":[{"id":321078,"href":"https:\/\/www.caririemacao.com\/1\/wp-json\/wp\/v2\/posts\/321076\/revisions\/321078"}],"wp:featuredmedia":[{"embeddable":true,"href":"https:\/\/www.caririemacao.com\/1\/wp-json\/wp\/v2\/media\/321077"}],"wp:attachment":[{"href":"https:\/\/www.caririemacao.com\/1\/wp-json\/wp\/v2\/media?parent=321076"}],"wp:term":[{"taxonomy":"category","embeddable":true,"href":"https:\/\/www.caririemacao.com\/1\/wp-json\/wp\/v2\/categories?post=321076"},{"taxonomy":"post_tag","embeddable":true,"href":"https:\/\/www.caririemacao.com\/1\/wp-json\/wp\/v2\/tags?post=321076"}],"curies":[{"name":"wp","href":"https:\/\/api.w.org\/{rel}","templated":true}]}}