{"id":321082,"date":"2026-08-31T15:32:18","date_gmt":"2026-08-31T18:32:18","guid":{"rendered":"https:\/\/www.caririemacao.com\/1\/?p=321082"},"modified":"2026-08-31T15:32:43","modified_gmt":"2026-08-31T18:32:43","slug":"raquel-lyra-aciona-policias-para-investigar-cartazes-que-a-acusam-de-matar-marido-para-ganhar-eleicao","status":"publish","type":"post","link":"https:\/\/www.caririemacao.com\/1\/2026\/08\/31\/raquel-lyra-aciona-policias-para-investigar-cartazes-que-a-acusam-de-matar-marido-para-ganhar-eleicao\/","title":{"rendered":"Raquel Lyra aciona pol\u00edcias para investigar cartazes que a acusam de matar marido para ganhar elei\u00e7\u00e3o"},"content":{"rendered":"<p>A governadora e candidata \u00e0 reelei\u00e7\u00e3o\u00a0Raquel Lyra\u00a0(PSD) solicitou \u00e0\u00a0Pol\u00edcia Federal\u00a0e \u00e0\u00a0Pol\u00edcia Civil\u00a0que investiguem cartazes an\u00f4nimos que a acusam de ter matado\u00a0o marido, o empres\u00e1rio Fernando Lucena, para\u00a0ganhar a elei\u00e7\u00e3o em 2022.\u00a0Jo\u00e3o Campos\u00a0(PSB) e Ivan Moraes (Psol), tamb\u00e9m\u00a0candidatos ao governo, prestaram solidariedade \u00e0 advers\u00e1ria e pediram investiga\u00e7\u00e3o do caso.<\/p>\n<p>Ela registrou, no domingo (30), um boletim de ocorr\u00eancia, segundo nota da coliga\u00e7\u00e3o Pernambuco de Cora\u00e7\u00e3o. A chapa de Raquel Lyra classificou o caso como &#8220;um novo epis\u00f3dio de viol\u00eancia pol\u00edtica&#8221; e disse que as pe\u00e7as gr\u00e1ficas estavam espalhadas em muros no Bairro do\u00a0Recife.<\/p>\n<p>&#8220;Em um dos cartazes, a imagem de Raquel aparece acompanhada da frase &#8216;ela matou o marido para ganhar a elei\u00e7\u00e3o&#8217;. Em outro, a governadora \u00e9 retratada ao lado de Elize Matsunaga e Flordelis, sob a express\u00e3o &#8216;matadoras de maridos'&#8221;, afirmou a chapa da candidata na nota.<\/p>\n<p>Ap\u00f3s ver na internet fotos dos cartazes que a comparam \u00e0\u00a0t\u00e9cnica de enfermagem que esquartejou o marido em 2012\u00a0e a\u00a0deputada federal condenada em 2022 por ser a mandante do assassinato do esposo, Raquel Lyra postou um v\u00eddeo no\u00a0Instagram\u00a0visivelmente emocionada (veja v\u00eddeo mais acima).<\/p>\n<p>&#8220;Respeite minha fam\u00edlia. Respeite meus filhos. Respeite quem n\u00e3o est\u00e1 mais aqui. Respeite a minha dor&#8221;, disse a governadora no v\u00eddeo.<\/p>\n<p>A reportagem perguntou \u00e0 Pol\u00edcia Civil e \u00e0 Pol\u00edcia Federal se algum cartaz foi apreendido, se algu\u00e9m foi preso ou levado para a delegacia para prestar depoimento e qual o prazo para essa investiga\u00e7\u00e3o ser conclu\u00edda. A PF n\u00e3o respondeu at\u00e9 a \u00faltima atualiza\u00e7\u00e3o desta reportagem.<\/p>\n<p>Sem responder aos questionamentos enviados, a Pol\u00edcia Civil enviou uma nota informando &#8220;que est\u00e1 investigando um caso de cal\u00fania registrado, na tarde de ontem (30), por meio da Delegacia pela Internet&#8221;. Tamb\u00e9m disse que as &#8220;dilig\u00eancias j\u00e1 foram iniciadas com o objetivo de identificar a autoria e esclarecer as circunst\u00e2ncias do caso&#8221;.<\/p>\n<p><strong>Candidatos reagem<\/strong><\/p>\n<p>Em nota, a coliga\u00e7\u00e3o Frente Popular de Pernambuco, de Jo\u00e3o Campos, repudiou o conte\u00fado divulgado pelos cartazes e disse ter acionado a Justi\u00e7a Eleitoral, por meio do Minist\u00e9rio P\u00fablico Eleitoral, para requerer a imediata investiga\u00e7\u00e3o do caso. O ex-prefeito do Recife se manifestou sobre o caso atrav\u00e9s de um v\u00eddeo publicado no Instagram.<\/p>\n<p>&#8220;Esses panfletos ap\u00f3crifos que est\u00e3o circulando hoje, isso \u00e9 um completo absurdo, e qualquer pessoa que queira atribuir isso a mim, ou a minha candidatura, vai responder criminalmente \u00e0 Justi\u00e7a brasileira. Eu perdi meu pai durante uma elei\u00e7\u00e3o, a candidata Raquel perdeu um marido durante a elei\u00e7\u00e3o, e eu n\u00e3o admito nem que a minha fam\u00edlia, nem que nenhuma fam\u00edlia seja atacada nessa elei\u00e7\u00e3o. Isso est\u00e1 fora da pol\u00edtica, isso \u00e9 um absurdo&#8221;, disse o candidato no v\u00eddeo.<\/p>\n<p>Ivan Moraes, candidato do Psol ao governo de Pernambuco, tamb\u00e9m se pronunciou nas redes sociais sobre o caso. &#8220;A pessoa ou quadrilha respons\u00e1vel pelos cartazes ofensivos contra a governadora precisa ser identificada e responsabilizada urgentemente. N\u00e3o se pode compactuar com um absurdo desses. A investiga\u00e7\u00e3o tem que ser profunda e exemplar. Minha solidariedade a Raquel Lyra&#8221;, afirmou numa postagem no\u00a0X.<\/p>\n<p><strong>Decis\u00e3o judicial<\/strong><\/p>\n<p>O Tribunal Regional de Eleitoral de Pernambuco (TRE) determinou, na noite de domingo (30), a retirada de publica\u00e7\u00f5es que associam Jo\u00e3o Campos (PSB) e seu grupo pol\u00edtico \u00e0 produ\u00e7\u00e3o e distribui\u00e7\u00e3o dos cartazes ap\u00f3crifos contra Raquel Lyra (PSD).<\/p>\n<p>A decis\u00e3o, que foi assinada pelo desembargador Luiz Gustavo Mendon\u00e7a de Ara\u00fajo, menciona postagens feitas pelo candidato ao Senado Mendon\u00e7a Filho (PL), o candidato a deputado estadual Ni do Badoque (PSD) e o blogueiro Ricardo Antunes.<\/p>\n<p><em><strong>A liminar, que foi requerida pela Frente Popular de Pernambuco, determinou que:<\/strong><\/em><\/p>\n<ul>\n<li>a Meta, respons\u00e1vel pelo Instagram e\u00a0Facebook, retire as publica\u00e7\u00f5es indicadas no processo no prazo de at\u00e9 duas horas ap\u00f3s a notifica\u00e7\u00e3o, sob pena de multa di\u00e1ria de R$ 10 mil em caso de descumprimento;<\/li>\n<li>a Meta \u201cpreserve integralmente os dados relacionados \u00e0s publica\u00e7\u00f5es impugnadas, inclusive n\u00famero de visualiza\u00e7\u00f5es, alcance, impress\u00f5es, compartilhamentos, republica\u00e7\u00f5es, intera\u00e7\u00f5es, datas e hor\u00e1rios de veicula\u00e7\u00e3o e hist\u00f3rico de eventuais edi\u00e7\u00f5es, para fins de instru\u00e7\u00e3o processual\u201d;<\/li>\n<li>Mendon\u00e7a Filho, Ni do Badoque e Ricardo Antunes excluam as postagens sobre o caso, sob pena de multa individual no valor de R$ 25 mil em caso de descumprimento, e n\u00e3o republiquem os conte\u00fados nem fa\u00e7am novas manifesta\u00e7\u00f5es ofensivas relacionadas ao caso.<\/li>\n<\/ul>\n<p><em><strong>Procurada, a assessoria de comunica\u00e7\u00e3o de Mendon\u00e7a Filho enviou uma nota afirmando que:<\/strong><\/em><\/p>\n<ul>\n<li>&#8220;decis\u00e3o da Justi\u00e7a se cumpre&#8221;;<\/li>\n<li>&#8220;o v\u00eddeo referido na liminar j\u00e1 foi retirado das p\u00e1ginas e substitu\u00eddo por outro que reafirma todo apoio e solidariedade \u00e0 Raquel e \u00e0 sua fam\u00edlia nesse momento&#8221;;<\/li>\n<li>&#8220;defende que \u00e9 preciso ter limite, respeito e responsabilidade na disputa eleitoral&#8221;;<\/li>\n<li>&#8220;entende que diverg\u00eancia pol\u00edtica faz parte da democracia. Ataque pessoal, n\u00e3o&#8221;;<\/li>\n<li>&#8220;cobrou apura\u00e7\u00e3o dos fatos para que o caso seja esclarecido e o processo eleitoral ocorra dentro da normalidade&#8221;.<\/li>\n<\/ul>\n<p>A reportagem entrou em contato com Ni do Badoque e Ricardo Antunes, mas n\u00e3o obteve resposta at\u00e9 a \u00faltima atualiza\u00e7\u00e3o desta reportagem.<\/p>\n<p>Com G1\/PE<\/p>\n","protected":false},"excerpt":{"rendered":"<p>A governadora e candidata \u00e0 reelei\u00e7\u00e3o\u00a0Raquel Lyra\u00a0(PSD) solicitou \u00e0\u00a0Pol\u00edcia Federal\u00a0e \u00e0\u00a0Pol\u00edcia Civil\u00a0que investiguem cartazes an\u00f4nimos que a acusam de ter matado\u00a0o marido, o empres\u00e1rio Fernando Lucena, para\u00a0ganhar a elei\u00e7\u00e3o em 2022.\u00a0Jo\u00e3o Campos\u00a0(PSB) e Ivan Moraes (Psol), tamb\u00e9m\u00a0candidatos ao governo, prestaram solidariedade \u00e0 advers\u00e1ria e pediram investiga\u00e7\u00e3o do caso. Ela registrou, no domingo (30), um boletim de ocorr\u00eancia, segundo nota da coliga\u00e7\u00e3o Pernambuco de Cora\u00e7\u00e3o. A chapa de Raquel Lyra classificou o caso como &#8220;um novo epis\u00f3dio de viol\u00eancia pol\u00edtica&#8221; e disse que as pe\u00e7as gr\u00e1ficas estavam espalhadas em muros no Bairro do\u00a0Recife. &#8220;Em um dos cartazes, a imagem de Raquel aparece acompanhada da frase &#8216;ela matou o marido para ganhar a elei\u00e7\u00e3o&#8217;. Em outro, a governadora \u00e9 retratada ao lado de Elize Matsunaga e Flordelis, sob a express\u00e3o &#8216;matadoras de maridos&#8217;&#8221;, afirmou a chapa da candidata na nota. Ap\u00f3s ver na internet fotos dos cartazes que a comparam \u00e0\u00a0t\u00e9cnica de enfermagem que esquartejou o marido em 2012\u00a0e a\u00a0deputada federal condenada em 2022 por ser a mandante do assassinato do esposo, Raquel Lyra postou um v\u00eddeo no\u00a0Instagram\u00a0visivelmente emocionada (veja v\u00eddeo mais acima). &#8220;Respeite minha fam\u00edlia. Respeite meus filhos. Respeite quem n\u00e3o est\u00e1 mais aqui. Respeite a minha dor&#8221;, disse a governadora no v\u00eddeo. A reportagem perguntou \u00e0 Pol\u00edcia Civil e \u00e0 Pol\u00edcia Federal se algum cartaz foi apreendido, se algu\u00e9m foi preso ou levado para a delegacia para prestar depoimento e qual o prazo para essa investiga\u00e7\u00e3o ser conclu\u00edda. A PF n\u00e3o respondeu at\u00e9 a \u00faltima atualiza\u00e7\u00e3o desta reportagem. Sem responder aos questionamentos enviados, a Pol\u00edcia Civil enviou uma nota informando &#8220;que est\u00e1 investigando um caso de cal\u00fania registrado, na tarde de ontem (30), por meio da Delegacia pela Internet&#8221;. Tamb\u00e9m disse que as &#8220;dilig\u00eancias j\u00e1 foram iniciadas com o objetivo de identificar a autoria e esclarecer as circunst\u00e2ncias do caso&#8221;. Candidatos reagem Em nota, a coliga\u00e7\u00e3o Frente Popular de Pernambuco, de Jo\u00e3o Campos, repudiou o conte\u00fado divulgado pelos cartazes e disse ter acionado a Justi\u00e7a Eleitoral, por meio do Minist\u00e9rio P\u00fablico Eleitoral, para requerer a imediata investiga\u00e7\u00e3o do caso. O ex-prefeito do Recife se manifestou sobre o caso atrav\u00e9s de um v\u00eddeo publicado no Instagram. &#8220;Esses panfletos ap\u00f3crifos que est\u00e3o circulando hoje, isso \u00e9 um completo absurdo, e qualquer pessoa que queira atribuir isso a mim, ou a minha candidatura, vai responder criminalmente \u00e0 Justi\u00e7a brasileira. Eu perdi meu pai durante uma elei\u00e7\u00e3o, a candidata Raquel perdeu um marido durante a elei\u00e7\u00e3o, e eu n\u00e3o admito nem que a minha fam\u00edlia, nem que nenhuma fam\u00edlia seja atacada nessa elei\u00e7\u00e3o. Isso est\u00e1 fora da pol\u00edtica, isso \u00e9 um absurdo&#8221;, disse o candidato no v\u00eddeo. Ivan Moraes, candidato do Psol ao governo de Pernambuco, tamb\u00e9m se pronunciou nas redes sociais sobre o caso. &#8220;A pessoa ou quadrilha respons\u00e1vel pelos cartazes ofensivos contra a governadora precisa ser identificada e responsabilizada urgentemente. N\u00e3o se pode compactuar com um absurdo desses. A investiga\u00e7\u00e3o tem que ser profunda e exemplar. Minha solidariedade a Raquel Lyra&#8221;, afirmou numa postagem no\u00a0X. Decis\u00e3o judicial O Tribunal Regional de Eleitoral de Pernambuco (TRE) determinou, na noite de domingo (30), a retirada de publica\u00e7\u00f5es que associam Jo\u00e3o Campos (PSB) e seu grupo pol\u00edtico \u00e0 produ\u00e7\u00e3o e distribui\u00e7\u00e3o dos cartazes ap\u00f3crifos contra Raquel Lyra (PSD). A decis\u00e3o, que foi assinada pelo desembargador Luiz Gustavo Mendon\u00e7a de Ara\u00fajo, menciona postagens feitas pelo candidato ao Senado Mendon\u00e7a Filho (PL), o candidato a deputado estadual Ni do Badoque (PSD) e o blogueiro Ricardo Antunes. A liminar, que foi requerida pela Frente Popular de Pernambuco, determinou que: a Meta, respons\u00e1vel pelo Instagram e\u00a0Facebook, retire as publica\u00e7\u00f5es indicadas no processo no prazo de at\u00e9 duas horas ap\u00f3s a notifica\u00e7\u00e3o, sob pena de multa di\u00e1ria de R$ 10 mil em caso de descumprimento; a Meta \u201cpreserve integralmente os dados relacionados \u00e0s publica\u00e7\u00f5es impugnadas, inclusive n\u00famero de visualiza\u00e7\u00f5es, alcance, impress\u00f5es, compartilhamentos, republica\u00e7\u00f5es, intera\u00e7\u00f5es, datas e hor\u00e1rios de veicula\u00e7\u00e3o e hist\u00f3rico de eventuais edi\u00e7\u00f5es, para fins de instru\u00e7\u00e3o processual\u201d; Mendon\u00e7a Filho, Ni do Badoque e Ricardo Antunes excluam as postagens sobre o caso, sob pena de multa individual no valor de R$ 25 mil em caso de descumprimento, e n\u00e3o republiquem os conte\u00fados nem fa\u00e7am novas manifesta\u00e7\u00f5es ofensivas relacionadas ao caso. Procurada, a assessoria de comunica\u00e7\u00e3o de Mendon\u00e7a Filho enviou uma nota afirmando que: &#8220;decis\u00e3o da Justi\u00e7a se cumpre&#8221;; &#8220;o v\u00eddeo referido na liminar j\u00e1 foi retirado das p\u00e1ginas e substitu\u00eddo por outro que reafirma todo apoio e solidariedade \u00e0 Raquel e \u00e0 sua fam\u00edlia nesse momento&#8221;; &#8220;defende que \u00e9 preciso ter limite, respeito e responsabilidade na disputa eleitoral&#8221;; &#8220;entende que diverg\u00eancia pol\u00edtica faz parte da democracia. Ataque pessoal, n\u00e3o&#8221;; &#8220;cobrou apura\u00e7\u00e3o dos fatos para que o caso seja esclarecido e o processo eleitoral ocorra dentro da normalidade&#8221;. A reportagem entrou em contato com Ni do Badoque e Ricardo Antunes, mas n\u00e3o obteve resposta at\u00e9 a \u00faltima atualiza\u00e7\u00e3o desta reportagem. Com G1\/PE<\/p>\n","protected":false},"author":6,"featured_media":321083,"comment_status":"closed","ping_status":"closed","sticky":false,"template":"","format":"standard","meta":{"sfsi_plus_gutenberg_text_before_share":"","sfsi_plus_gutenberg_show_text_before_share":"","sfsi_plus_gutenberg_icon_type":"","sfsi_plus_gutenberg_icon_alignemt":"","sfsi_plus_gutenburg_max_per_row":"","footnotes":""},"categories":[125],"tags":[],"class_list":["post-321082","post","type-post","status-publish","format-standard","has-post-thumbnail","hentry","category-pernambuco"],"_links":{"self":[{"href":"https:\/\/www.caririemacao.com\/1\/wp-json\/wp\/v2\/posts\/321082","targetHints":{"allow":["GET"]}}],"collection":[{"href":"https:\/\/www.caririemacao.com\/1\/wp-json\/wp\/v2\/posts"}],"about":[{"href":"https:\/\/www.caririemacao.com\/1\/wp-json\/wp\/v2\/types\/post"}],"author":[{"embeddable":true,"href":"https:\/\/www.caririemacao.com\/1\/wp-json\/wp\/v2\/users\/6"}],"replies":[{"embeddable":true,"href":"https:\/\/www.caririemacao.com\/1\/wp-json\/wp\/v2\/comments?post=321082"}],"version-history":[{"count":2,"href":"https:\/\/www.caririemacao.com\/1\/wp-json\/wp\/v2\/posts\/321082\/revisions"}],"predecessor-version":[{"id":321085,"href":"https:\/\/www.caririemacao.com\/1\/wp-json\/wp\/v2\/posts\/321082\/revisions\/321085"}],"wp:featuredmedia":[{"embeddable":true,"href":"https:\/\/www.caririemacao.com\/1\/wp-json\/wp\/v2\/media\/321083"}],"wp:attachment":[{"href":"https:\/\/www.caririemacao.com\/1\/wp-json\/wp\/v2\/media?parent=321082"}],"wp:term":[{"taxonomy":"category","embeddable":true,"href":"https:\/\/www.caririemacao.com\/1\/wp-json\/wp\/v2\/categories?post=321082"},{"taxonomy":"post_tag","embeddable":true,"href":"https:\/\/www.caririemacao.com\/1\/wp-json\/wp\/v2\/tags?post=321082"}],"curies":[{"name":"wp","href":"https:\/\/api.w.org\/{rel}","templated":true}]}}