{"id":321090,"date":"2026-08-31T16:21:48","date_gmt":"2026-08-31T19:21:48","guid":{"rendered":"https:\/\/www.caririemacao.com\/1\/?p=321090"},"modified":"2026-08-31T16:21:48","modified_gmt":"2026-08-31T19:21:48","slug":"homem-preso-sob-suspeita-de-estupro-de-crianca-de-7-anos-em-joao-pessoa-mae-desconfiou-apos-desenhos-da-vitima","status":"publish","type":"post","link":"https:\/\/www.caririemacao.com\/1\/2026\/08\/31\/homem-preso-sob-suspeita-de-estupro-de-crianca-de-7-anos-em-joao-pessoa-mae-desconfiou-apos-desenhos-da-vitima\/","title":{"rendered":"Homem preso sob suspeita de estupro de crian\u00e7a de 7 anos em Jo\u00e3o Pessoa &#8211; m\u00e3e desconfiou ap\u00f3s desenhos da v\u00edtima"},"content":{"rendered":"<p>Viatura da Pol\u00edcia Civil, na Para\u00edba<\/p>\n<p>Pol\u00edcia Civil\/Divulga\u00e7\u00e3o<br \/>\nUm homem, que n\u00e3o teve a identidade divulgada, foi preso nesta segunda-feira (31) suspeito de estuprar uma crian\u00e7a de sete anos no bairro de Gramame, em Jo\u00e3o Pessoa. Segundo a pol\u00edcia, a m\u00e3e passou a desconfiar dos abusos depois que a filha fez desenhos considerados incompat\u00edveis com a sua idade. De acordo com a pol\u00edcia, as investiga\u00e7\u00f5es foram iniciadas ap\u00f3s a m\u00e3e da v\u00edtima denunciar os abusos praticados contra a filha por uma pessoa pr\u00f3xima a fam\u00edlia.<\/p>\n<p>Durante o acontecimento dos abusos, a crian\u00e7a passou a apresentar comportamento agressivo e ap\u00e1tico, al\u00e9m de queda no desempenho escolar. As mudan\u00e7as de comportamento chamaram a aten\u00e7\u00e3o dos familiares e da psic\u00f3loga que acompanhava a crian\u00e7a. Depois da den\u00fancia, a v\u00edtima contou \u00e0 m\u00e3e que havia sofrido os abusos.<\/p>\n<p>Segundo a pol\u00edcia, o suspeito frequentava a casa da fam\u00edlia e teria usado a rela\u00e7\u00e3o de confian\u00e7a para cometer os abusos. Agora no g1<\/p>\n<p>Com base nos relatos e nos resultados dos exames periciais, a Justi\u00e7a decretou a pris\u00e3o preventiva do suspeito. Ap\u00f3s a pris\u00e3o, o suspeito foi encaminhado para uma delegacia da Pol\u00edcia Civil, onde deve responder por estupro de vulner\u00e1vel.<\/p>\n<p>N\u00e3o foi divulgado para qual local o suspeito foi nem o atual estado de sa\u00fade da v\u00edtima. Viol\u00eancia e abuso sexual infantil: saiba como denunciar<\/p>\n<p>V\u00eddeos mais assistidos do g1 Para\u00edba<\/p>\n<p><em>Fonte: G1 Para\u00edba<\/em><\/p>\n","protected":false},"excerpt":{"rendered":"<p>Viatura da Pol\u00edcia Civil, na Para\u00edba Pol\u00edcia Civil\/Divulga\u00e7\u00e3o Um homem, que n\u00e3o teve a identidade divulgada, foi preso nesta segunda-feira (31) suspeito de estuprar uma crian\u00e7a de sete anos no bairro de Gramame, em Jo\u00e3o Pessoa. Segundo a pol\u00edcia, a m\u00e3e passou a desconfiar dos abusos depois que a filha fez desenhos considerados incompat\u00edveis com a sua idade. &#x2705; Clique aqui para seguir o canal do g1 PB no WhatsApp De acordo com a pol\u00edcia, as investiga\u00e7\u00f5es foram iniciadas ap\u00f3s a m\u00e3e da v\u00edtima denunciar os abusos praticados contra a filha por uma pessoa pr\u00f3xima a fam\u00edlia. Durante o acontecimento dos abusos, a crian\u00e7a passou a apresentar comportamento agressivo e ap\u00e1tico, al\u00e9m de queda no desempenho escolar. As mudan\u00e7as de comportamento chamaram a aten\u00e7\u00e3o dos familiares e da psic\u00f3loga que acompanhava a crian\u00e7a. Depois da den\u00fancia, a v\u00edtima contou \u00e0 m\u00e3e que havia sofrido os abusos. Segundo a pol\u00edcia, o suspeito frequentava a casa da fam\u00edlia e teria usado a rela\u00e7\u00e3o de confian\u00e7a para cometer os abusos. Agora no g1 Com base nos relatos e nos resultados dos exames periciais, a Justi\u00e7a decretou a pris\u00e3o preventiva do suspeito. Ap\u00f3s a pris\u00e3o, o suspeito foi encaminhado para uma delegacia da Pol\u00edcia Civil, onde deve responder por estupro de vulner\u00e1vel. N\u00e3o foi divulgado para qual local o suspeito foi nem o atual estado de sa\u00fade da v\u00edtima. Viol\u00eancia e abuso sexual infantil: saiba como denunciar V\u00eddeos mais assistidos do g1 Para\u00edba<\/p>\n","protected":false},"author":0,"featured_media":321091,"comment_status":"closed","ping_status":"closed","sticky":false,"template":"","format":"standard","meta":{"sfsi_plus_gutenberg_text_before_share":"","sfsi_plus_gutenberg_show_text_before_share":"","sfsi_plus_gutenberg_icon_type":"","sfsi_plus_gutenberg_icon_alignemt":"","sfsi_plus_gutenburg_max_per_row":"","footnotes":""},"categories":[12],"tags":[],"class_list":["post-321090","post","type-post","status-publish","format-standard","has-post-thumbnail","hentry","category-policia"],"_links":{"self":[{"href":"https:\/\/www.caririemacao.com\/1\/wp-json\/wp\/v2\/posts\/321090","targetHints":{"allow":["GET"]}}],"collection":[{"href":"https:\/\/www.caririemacao.com\/1\/wp-json\/wp\/v2\/posts"}],"about":[{"href":"https:\/\/www.caririemacao.com\/1\/wp-json\/wp\/v2\/types\/post"}],"replies":[{"embeddable":true,"href":"https:\/\/www.caririemacao.com\/1\/wp-json\/wp\/v2\/comments?post=321090"}],"version-history":[{"count":1,"href":"https:\/\/www.caririemacao.com\/1\/wp-json\/wp\/v2\/posts\/321090\/revisions"}],"predecessor-version":[{"id":321092,"href":"https:\/\/www.caririemacao.com\/1\/wp-json\/wp\/v2\/posts\/321090\/revisions\/321092"}],"wp:featuredmedia":[{"embeddable":true,"href":"https:\/\/www.caririemacao.com\/1\/wp-json\/wp\/v2\/media\/321091"}],"wp:attachment":[{"href":"https:\/\/www.caririemacao.com\/1\/wp-json\/wp\/v2\/media?parent=321090"}],"wp:term":[{"taxonomy":"category","embeddable":true,"href":"https:\/\/www.caririemacao.com\/1\/wp-json\/wp\/v2\/categories?post=321090"},{"taxonomy":"post_tag","embeddable":true,"href":"https:\/\/www.caririemacao.com\/1\/wp-json\/wp\/v2\/tags?post=321090"}],"curies":[{"name":"wp","href":"https:\/\/api.w.org\/{rel}","templated":true}]}}