{"id":321105,"date":"2026-08-31T19:21:37","date_gmt":"2026-08-31T22:21:37","guid":{"rendered":"https:\/\/www.caririemacao.com\/1\/?p=321105"},"modified":"2026-08-31T19:21:37","modified_gmt":"2026-08-31T22:21:37","slug":"homem-detido-sob-suspeitas-de-abuso-sexual-contra-enteada-de-12-anos-no-sertao","status":"publish","type":"post","link":"https:\/\/www.caririemacao.com\/1\/2026\/08\/31\/homem-detido-sob-suspeitas-de-abuso-sexual-contra-enteada-de-12-anos-no-sertao\/","title":{"rendered":"Homem detido sob suspeitas de abuso sexual contra enteada de 12 anos no Sert\u00e3o"},"content":{"rendered":"<p>A viol\u00eancia sexual direcionada \u00e0 enteada, uma menina de 12 anos, tornou-se o foco de uma investiga\u00e7\u00e3o policial. Segundo a Pol\u00edcia Civil, o caso foi relatado na \u00faltima ter\u00e7a-feira (25), momento em que o Conselho Tutelar compareceu a uma delegacia. A partir dessa den\u00fancia, um mandado de pris\u00e3o foi emitido pela Justi\u00e7a, colocando o homem sob busca e apreens\u00e3o.<\/p>\n<p>O suspeito foi identificado nesta segunda-feira e encaminhado para a audi\u00eancia de cust\u00f3dia. At\u00e9 o momento, a Pol\u00edcia Civil n\u00e3o revelou o local exato de onde o indiv\u00edduo foi encontrado, nem forneceu informa\u00e7\u00f5es sobre a data aproximada em que o crime teria ocorrido. O homem agora est\u00e1 sob guarda judicial enquanto a investiga\u00e7\u00e3o segue em andamento.<\/p>\n<p><em>Fonte: G1 Para\u00edba<\/em><\/p>\n","protected":false},"excerpt":{"rendered":"<p>Delegacia de Coremas, na Para\u00edba Reprodu\u00e7\u00e3o\/TV Para\u00edba Um homem foi preso nesta segunda-feira (31) em Coremas, no Sert\u00e3o da Para\u00edba, suspeito de viol\u00eancia sexual contra a enteada, uma menina de 12 anos. &#x2705; Clique aqui para seguir o canal do g1 PB no WhatsApp Segundo a Pol\u00edcia Civil, o caso foi denunciado na \u00faltima ter\u00e7a-feira (25), quando o Conselho Tutelar compareceu a uma delegacia. A partir da den\u00fancia, um mandado de pris\u00e3o foi expedido pela Justi\u00e7a, e o homem passou a ser procurado. O suspeito foi localizado nesta segunda-feira e encaminhado \u00e0 audi\u00eancia de cust\u00f3dia. At\u00e9 a \u00faltima atualiza\u00e7\u00e3o desta reportagem, a Pol\u00edcia Civil n\u00e3o havia informado onde o homem foi localizado nem repassado detalhes sobre quando o crime teria ocorrido. Agora no g1 V\u00eddeos mais assistidos do g1 Para\u00edba<\/p>\n","protected":false},"author":0,"featured_media":321106,"comment_status":"closed","ping_status":"closed","sticky":false,"template":"","format":"standard","meta":{"sfsi_plus_gutenberg_text_before_share":"","sfsi_plus_gutenberg_show_text_before_share":"","sfsi_plus_gutenberg_icon_type":"","sfsi_plus_gutenberg_icon_alignemt":"","sfsi_plus_gutenburg_max_per_row":"","footnotes":""},"categories":[12],"tags":[],"class_list":["post-321105","post","type-post","status-publish","format-standard","has-post-thumbnail","hentry","category-policia"],"_links":{"self":[{"href":"https:\/\/www.caririemacao.com\/1\/wp-json\/wp\/v2\/posts\/321105","targetHints":{"allow":["GET"]}}],"collection":[{"href":"https:\/\/www.caririemacao.com\/1\/wp-json\/wp\/v2\/posts"}],"about":[{"href":"https:\/\/www.caririemacao.com\/1\/wp-json\/wp\/v2\/types\/post"}],"replies":[{"embeddable":true,"href":"https:\/\/www.caririemacao.com\/1\/wp-json\/wp\/v2\/comments?post=321105"}],"version-history":[{"count":1,"href":"https:\/\/www.caririemacao.com\/1\/wp-json\/wp\/v2\/posts\/321105\/revisions"}],"predecessor-version":[{"id":321107,"href":"https:\/\/www.caririemacao.com\/1\/wp-json\/wp\/v2\/posts\/321105\/revisions\/321107"}],"wp:featuredmedia":[{"embeddable":true,"href":"https:\/\/www.caririemacao.com\/1\/wp-json\/wp\/v2\/media\/321106"}],"wp:attachment":[{"href":"https:\/\/www.caririemacao.com\/1\/wp-json\/wp\/v2\/media?parent=321105"}],"wp:term":[{"taxonomy":"category","embeddable":true,"href":"https:\/\/www.caririemacao.com\/1\/wp-json\/wp\/v2\/categories?post=321105"},{"taxonomy":"post_tag","embeddable":true,"href":"https:\/\/www.caririemacao.com\/1\/wp-json\/wp\/v2\/tags?post=321105"}],"curies":[{"name":"wp","href":"https:\/\/api.w.org\/{rel}","templated":true}]}}