{"id":321114,"date":"2026-08-31T22:12:42","date_gmt":"2026-09-01T01:12:42","guid":{"rendered":"https:\/\/www.caririemacao.com\/1\/?p=321114"},"modified":"2026-08-31T22:12:42","modified_gmt":"2026-09-01T01:12:42","slug":"prefeitura-de-sao-jose-dos-cordeiros-divulga-programacao-oficial-da-xvi-edicao-do-festival-do-mel-2026","status":"publish","type":"post","link":"https:\/\/www.caririemacao.com\/1\/2026\/08\/31\/prefeitura-de-sao-jose-dos-cordeiros-divulga-programacao-oficial-da-xvi-edicao-do-festival-do-mel-2026\/","title":{"rendered":"Prefeitura de S\u00e3o Jos\u00e9 dos Cordeiros divulga programa\u00e7\u00e3o oficial da XVI edi\u00e7\u00e3o do Festival do Mel 2026"},"content":{"rendered":"<p class=\"wp-block-paragraph\">A Prefeitura Municipal de S\u00e3o Jos\u00e9 dos Cordeiros divulgou oficialmente a programa\u00e7\u00e3o da XVI edi\u00e7\u00e3o do Festival do Mel, um dos principais eventos culturais e tur\u00edsticos do Cariri paraibano. A festa ser\u00e1 realizada nos dias 25, 26 e 27 de setembro de 2026, reunindo grandes atra\u00e7\u00f5es musicais e celebrando a tradi\u00e7\u00e3o, a cultura e a for\u00e7a da apicultura no munic\u00edpio, conhecido como a Capital do Mel.<\/p>\n<p class=\"wp-block-paragraph\">A programa\u00e7\u00e3o contar\u00e1 com atra\u00e7\u00f5es em tr\u00eas noites de festa:<\/p>\n<p class=\"wp-block-paragraph\">S\u00e1bado, 26 de setembro<\/p>\n<p class=\"wp-block-paragraph\">A programa\u00e7\u00e3o come\u00e7a com a Tardezinha, seguida pelos shows de:<\/p>\n<ul class=\"wp-block-list\">\n<li>Forr\u00f3 de Verdade<\/li>\n<li>Gustavo do Acordeon<\/li>\n<li>Evandro do Acordeon<\/li>\n<\/ul>\n<p class=\"wp-block-paragraph\">S\u00e1bado, 26 de setembro<\/p>\n<p class=\"wp-block-paragraph\">Na programa\u00e7\u00e3o da noite, o p\u00fablico poder\u00e1 conferir:<\/p>\n<ul class=\"wp-block-list\">\n<li>Henry Freitas<\/li>\n<li>Ra\u00e7a Negra<\/li>\n<li>Samyra Show<\/li>\n<\/ul>\n<p class=\"wp-block-paragraph\">Domingo, 27 de setembro<\/p>\n<p class=\"wp-block-paragraph\">Encerrando a programa\u00e7\u00e3o do Festival do Mel 2026, sobem ao palco:<\/p>\n<ul class=\"wp-block-list\">\n<li>Tarc\u00edsio do Acordeon<\/li>\n<li>Luan Estilizado<\/li>\n<li>DJ Vitinho<\/li>\n<li>Lucas do Acordeon &amp; Banda<\/li>\n<\/ul>\n<p class=\"wp-block-paragraph\">Com uma programa\u00e7\u00e3o diversificada, o evento promete movimentar S\u00e3o Jos\u00e9 dos Cordeiros e receber moradores, visitantes e turistas de diversas cidades da Para\u00edba e de outros estados.<\/p>\n<p class=\"wp-block-paragraph\">O Festival do Mel tamb\u00e9m representa um importante momento de valoriza\u00e7\u00e3o da produ\u00e7\u00e3o de mel, da apicultura e da identidade cultural do munic\u00edpio, fortalecendo o turismo e a economia local.<\/p>\n<p class=\"wp-block-paragraph\">Nos dias 25, 26 e 27 de setembro, o encontro est\u00e1 marcado na Capital do Mel!<\/p>\n","protected":false},"excerpt":{"rendered":"<p>A Prefeitura Municipal de S\u00e3o Jos\u00e9 dos Cordeiros divulgou oficialmente a programa\u00e7\u00e3o da XVI edi\u00e7\u00e3o do Festival do Mel, um dos principais eventos culturais e tur\u00edsticos do Cariri paraibano. A festa ser\u00e1 realizada nos dias 25, 26 e 27 de setembro de 2026, reunindo grandes atra\u00e7\u00f5es musicais e celebrando a tradi\u00e7\u00e3o, a cultura e a for\u00e7a da apicultura no munic\u00edpio, conhecido como a Capital do Mel. A programa\u00e7\u00e3o contar\u00e1 com atra\u00e7\u00f5es em tr\u00eas noites de festa: S\u00e1bado, 26 de setembro A programa\u00e7\u00e3o come\u00e7a com a Tardezinha, seguida pelos shows de: Forr\u00f3 de Verdade Gustavo do Acordeon Evandro do Acordeon S\u00e1bado, 26 de setembro Na programa\u00e7\u00e3o da noite, o p\u00fablico poder\u00e1 conferir: Henry Freitas Ra\u00e7a Negra Samyra Show Domingo, 27 de setembro Encerrando a programa\u00e7\u00e3o do Festival do Mel 2026, sobem ao palco: Tarc\u00edsio do Acordeon Luan Estilizado DJ Vitinho Lucas do Acordeon &amp; Banda Com uma programa\u00e7\u00e3o diversificada, o evento promete movimentar S\u00e3o Jos\u00e9 dos Cordeiros e receber moradores, visitantes e turistas de diversas cidades da Para\u00edba e de outros estados. O Festival do Mel tamb\u00e9m representa um importante momento de valoriza\u00e7\u00e3o da produ\u00e7\u00e3o de mel, da apicultura e da identidade cultural do munic\u00edpio, fortalecendo o turismo e a economia local. Nos dias 25, 26 e 27 de setembro, o encontro est\u00e1 marcado na Capital do Mel!<\/p>\n","protected":false},"author":6,"featured_media":321115,"comment_status":"closed","ping_status":"closed","sticky":false,"template":"","format":"standard","meta":{"sfsi_plus_gutenberg_text_before_share":"","sfsi_plus_gutenberg_show_text_before_share":"","sfsi_plus_gutenberg_icon_type":"","sfsi_plus_gutenberg_icon_alignemt":"","sfsi_plus_gutenburg_max_per_row":"","footnotes":""},"categories":[15],"tags":[],"class_list":["post-321114","post","type-post","status-publish","format-standard","has-post-thumbnail","hentry","category-cultura"],"_links":{"self":[{"href":"https:\/\/www.caririemacao.com\/1\/wp-json\/wp\/v2\/posts\/321114","targetHints":{"allow":["GET"]}}],"collection":[{"href":"https:\/\/www.caririemacao.com\/1\/wp-json\/wp\/v2\/posts"}],"about":[{"href":"https:\/\/www.caririemacao.com\/1\/wp-json\/wp\/v2\/types\/post"}],"author":[{"embeddable":true,"href":"https:\/\/www.caririemacao.com\/1\/wp-json\/wp\/v2\/users\/6"}],"replies":[{"embeddable":true,"href":"https:\/\/www.caririemacao.com\/1\/wp-json\/wp\/v2\/comments?post=321114"}],"version-history":[{"count":1,"href":"https:\/\/www.caririemacao.com\/1\/wp-json\/wp\/v2\/posts\/321114\/revisions"}],"predecessor-version":[{"id":321116,"href":"https:\/\/www.caririemacao.com\/1\/wp-json\/wp\/v2\/posts\/321114\/revisions\/321116"}],"wp:featuredmedia":[{"embeddable":true,"href":"https:\/\/www.caririemacao.com\/1\/wp-json\/wp\/v2\/media\/321115"}],"wp:attachment":[{"href":"https:\/\/www.caririemacao.com\/1\/wp-json\/wp\/v2\/media?parent=321114"}],"wp:term":[{"taxonomy":"category","embeddable":true,"href":"https:\/\/www.caririemacao.com\/1\/wp-json\/wp\/v2\/categories?post=321114"},{"taxonomy":"post_tag","embeddable":true,"href":"https:\/\/www.caririemacao.com\/1\/wp-json\/wp\/v2\/tags?post=321114"}],"curies":[{"name":"wp","href":"https:\/\/api.w.org\/{rel}","templated":true}]}}