{"id":321125,"date":"2026-08-31T22:24:26","date_gmt":"2026-09-01T01:24:26","guid":{"rendered":"https:\/\/www.caririemacao.com\/1\/?p=321125"},"modified":"2026-08-31T22:24:43","modified_gmt":"2026-09-01T01:24:43","slug":"campanha-de-renan-santos-o-que-esta-proibido-apos-decisao-do-tse","status":"publish","type":"post","link":"https:\/\/www.caririemacao.com\/1\/2026\/08\/31\/campanha-de-renan-santos-o-que-esta-proibido-apos-decisao-do-tse\/","title":{"rendered":"Campanha de Renan Santos: o que est\u00e1 proibido ap\u00f3s decis\u00e3o do TSE"},"content":{"rendered":"<p class=\"my-5 break-words group-[.isActiveSource]:text-xl\">Uma decis\u00e3o do ministro do\u00a0TSE (Tribunal Superior Eleitoral)\u00a0Dias Tofolli\u00a0suspendeu nesta segunda-feira (31) a campanha do candidato \u00e0 Presid\u00eancia da Rep\u00fablica pelo Miss\u00e3o,\u00a0Renan Santos.<\/p>\n<p class=\"my-5 break-words group-[.isActiveSource]:text-xl\">Segundo a acusa\u00e7\u00e3o, a campanha do presidenci\u00e1vel teria informado tardiamente 16 perfis digitais que deveriam ter sido informados durante o registro da candidatura.<\/p>\n<p class=\"my-5 break-words group-[.isActiveSource]:text-xl\">De acordo com Toffoli, a falta de transpar\u00eancia permitiu o uso irregular de algoritmos de recomenda\u00e7\u00e3o, o que colocaria Renan em uma posi\u00e7\u00e3o diferente de seus concorrentes e\u00a0poderia ferir a legisla\u00e7\u00e3o eleitoral.<\/p>\n<p class=\"my-5 break-words group-[.isActiveSource]:text-xl\">O candidato enviou o\u00a0RRC (Requerimento de Registro de Candidatura)\u00a0em 7 de agosto, mas s\u00f3 falou das p\u00e1ginas online vinculadas \u00e0 campanha 12 dias depois, em 19 de agosto. No entanto,\u00a0perfis n\u00e3o informados no registro eleitoral\u00a0s\u00f3 podem ser utilizados em campanha 48 horas ap\u00f3s o efetivo apontamento pela Justi\u00e7a Eleitoral.<\/p>\n<p class=\"my-5 break-words group-[.isActiveSource]:text-xl\">Com isso, a campanha de Renan deve obedecer aos seguintes par\u00e2metros:<\/p>\n<ul class=\"list-none [li&gt;&amp;]:pl-5\">\n<li class=\"[ul&gt;&amp;]:indent-5 mb-3 break-words [ul&gt;&amp;]:relative [ul&gt;&amp;]:before:absolute [ul&gt;&amp;]:before:left-1 [ul&gt;&amp;]:before:top-2 [ul&gt;&amp;]:before:w-2 [ul&gt;&amp;]:before:h-2 [ul&gt;&amp;]:before:bg-red-600 [ul&gt;&amp;]:before:rounded-full marker:inline group-[.isActiveSource]:text-xl\"><strong class=\"group-[.isActiveSource]:text-xl group-[.isActiveSource]:font-bold\">Realiza\u00e7\u00e3o de propaganda eleitoral da chapa por meio de sites, blogs, redes sociais, aplicativos de mensagens instant\u00e2neas ou qualquer outra aplica\u00e7\u00e3o de internet que n\u00e3o tenha sido informada durante o registro da candidatura;<\/strong><\/li>\n<li class=\"[ul&gt;&amp;]:indent-5 mb-3 break-words [ul&gt;&amp;]:relative [ul&gt;&amp;]:before:absolute [ul&gt;&amp;]:before:left-1 [ul&gt;&amp;]:before:top-2 [ul&gt;&amp;]:before:w-2 [ul&gt;&amp;]:before:h-2 [ul&gt;&amp;]:before:bg-red-600 [ul&gt;&amp;]:before:rounded-full marker:inline group-[.isActiveSource]:text-xl\"><strong class=\"group-[.isActiveSource]:text-xl group-[.isActiveSource]:font-bold\">Suspens\u00e3o dos 16 perfis apontados e de quaisquer outras contas at\u00e9 uma an\u00e1lise de cada item;<\/strong><\/li>\n<li class=\"[ul&gt;&amp;]:indent-5 mb-3 break-words [ul&gt;&amp;]:relative [ul&gt;&amp;]:before:absolute [ul&gt;&amp;]:before:left-1 [ul&gt;&amp;]:before:top-2 [ul&gt;&amp;]:before:w-2 [ul&gt;&amp;]:before:h-2 [ul&gt;&amp;]:before:bg-red-600 [ul&gt;&amp;]:before:rounded-full marker:inline group-[.isActiveSource]:text-xl\"><strong class=\"group-[.isActiveSource]:text-xl group-[.isActiveSource]:font-bold\">Suspens\u00e3o de novos repasses de recursos do FEFC (Fundo Especial de Financiamento de Campanha) destinados \u00e0 chapa;<\/strong><\/li>\n<li class=\"[ul&gt;&amp;]:indent-5 mb-3 break-words [ul&gt;&amp;]:relative [ul&gt;&amp;]:before:absolute [ul&gt;&amp;]:before:left-1 [ul&gt;&amp;]:before:top-2 [ul&gt;&amp;]:before:w-2 [ul&gt;&amp;]:before:h-2 [ul&gt;&amp;]:before:bg-red-600 [ul&gt;&amp;]:before:rounded-full marker:inline group-[.isActiveSource]:text-xl\"><strong class=\"group-[.isActiveSource]:text-xl group-[.isActiveSource]:font-bold\">O candidato e o partido est\u00e3o expressamente proibidos de realizar novos gastos utilizando verbas do Fundo Eleitoral que j\u00e1 tenham sido repassadas;<\/strong><\/li>\n<li class=\"[ul&gt;&amp;]:indent-5 mb-3 break-words [ul&gt;&amp;]:relative [ul&gt;&amp;]:before:absolute [ul&gt;&amp;]:before:left-1 [ul&gt;&amp;]:before:top-2 [ul&gt;&amp;]:before:w-2 [ul&gt;&amp;]:before:h-2 [ul&gt;&amp;]:before:bg-red-600 [ul&gt;&amp;]:before:rounded-full marker:inline group-[.isActiveSource]:text-xl\"><strong class=\"group-[.isActiveSource]:text-xl group-[.isActiveSource]:font-bold\">Est\u00e1 suspenso o direito do candidato de participar de debates em r\u00e1dio, televis\u00e3o, podcasts ou em quaisquer outros meios de comunica\u00e7\u00e3o.<\/strong><\/li>\n<\/ul>\n<p class=\"my-5 break-words group-[.isActiveSource]:text-xl\">Caso algum dos itens n\u00e3o seja cumprido, o magistrado estipulou uma multa de\u00a0R$ 50 mil\u00a0como puni\u00e7\u00e3o. Apesar de o parecer de tutela de urg\u00eancia aplicar uma suspens\u00e3o em tais pontos, o coordenador do\u00a0MBL (Movimento Brasil Livre)\u00a0continua concorrendo ao comando do Executivo.<\/p>\n<p class=\"my-5 break-words group-[.isActiveSource]:text-xl\">No entanto, o ministro deu um prazo de 24 horas para que a campanha de Renan d\u00ea explica\u00e7\u00f5es sobre a data de cria\u00e7\u00e3o de 16 perfis de redes sociais para o uso em propaganda e informe a exist\u00eancia de qualquer outro endere\u00e7o eletr\u00f4nico, usu\u00e1rio ou grupo de mensagens em uso, al\u00e9m de uma apresenta\u00e7\u00e3o formal sobre as\u00a0viola\u00e7\u00f5es legais apontadas no processo.<\/p>\n<p class=\"my-5 break-words group-[.isActiveSource]:text-xl\">Caso n\u00e3o apresente as respostas, Toffoli salienta que a consequ\u00eancia m\u00e1xima ser\u00e1 o indeferimento do registro da chapa, o que deixaria Renan\u00a0impedido de concorrer \u00e0 Presid\u00eancia.<\/p>\n<p><em>Com CNN Brasil<\/em><\/p>\n","protected":false},"excerpt":{"rendered":"<p>Uma decis\u00e3o do ministro do\u00a0TSE (Tribunal Superior Eleitoral)\u00a0Dias Tofolli\u00a0suspendeu nesta segunda-feira (31) a campanha do candidato \u00e0 Presid\u00eancia da Rep\u00fablica pelo Miss\u00e3o,\u00a0Renan Santos. Segundo a acusa\u00e7\u00e3o, a campanha do presidenci\u00e1vel teria informado tardiamente 16 perfis digitais que deveriam ter sido informados durante o registro da candidatura. De acordo com Toffoli, a falta de transpar\u00eancia permitiu o uso irregular de algoritmos de recomenda\u00e7\u00e3o, o que colocaria Renan em uma posi\u00e7\u00e3o diferente de seus concorrentes e\u00a0poderia ferir a legisla\u00e7\u00e3o eleitoral. O candidato enviou o\u00a0RRC (Requerimento de Registro de Candidatura)\u00a0em 7 de agosto, mas s\u00f3 falou das p\u00e1ginas online vinculadas \u00e0 campanha 12 dias depois, em 19 de agosto. No entanto,\u00a0perfis n\u00e3o informados no registro eleitoral\u00a0s\u00f3 podem ser utilizados em campanha 48 horas ap\u00f3s o efetivo apontamento pela Justi\u00e7a Eleitoral. Com isso, a campanha de Renan deve obedecer aos seguintes par\u00e2metros: Realiza\u00e7\u00e3o de propaganda eleitoral da chapa por meio de sites, blogs, redes sociais, aplicativos de mensagens instant\u00e2neas ou qualquer outra aplica\u00e7\u00e3o de internet que n\u00e3o tenha sido informada durante o registro da candidatura; Suspens\u00e3o dos 16 perfis apontados e de quaisquer outras contas at\u00e9 uma an\u00e1lise de cada item; Suspens\u00e3o de novos repasses de recursos do FEFC (Fundo Especial de Financiamento de Campanha) destinados \u00e0 chapa; O candidato e o partido est\u00e3o expressamente proibidos de realizar novos gastos utilizando verbas do Fundo Eleitoral que j\u00e1 tenham sido repassadas; Est\u00e1 suspenso o direito do candidato de participar de debates em r\u00e1dio, televis\u00e3o, podcasts ou em quaisquer outros meios de comunica\u00e7\u00e3o. Caso algum dos itens n\u00e3o seja cumprido, o magistrado estipulou uma multa de\u00a0R$ 50 mil\u00a0como puni\u00e7\u00e3o. Apesar de o parecer de tutela de urg\u00eancia aplicar uma suspens\u00e3o em tais pontos, o coordenador do\u00a0MBL (Movimento Brasil Livre)\u00a0continua concorrendo ao comando do Executivo. No entanto, o ministro deu um prazo de 24 horas para que a campanha de Renan d\u00ea explica\u00e7\u00f5es sobre a data de cria\u00e7\u00e3o de 16 perfis de redes sociais para o uso em propaganda e informe a exist\u00eancia de qualquer outro endere\u00e7o eletr\u00f4nico, usu\u00e1rio ou grupo de mensagens em uso, al\u00e9m de uma apresenta\u00e7\u00e3o formal sobre as\u00a0viola\u00e7\u00f5es legais apontadas no processo. Caso n\u00e3o apresente as respostas, Toffoli salienta que a consequ\u00eancia m\u00e1xima ser\u00e1 o indeferimento do registro da chapa, o que deixaria Renan\u00a0impedido de concorrer \u00e0 Presid\u00eancia. Com CNN Brasil<\/p>\n","protected":false},"author":6,"featured_media":321126,"comment_status":"closed","ping_status":"closed","sticky":false,"template":"","format":"standard","meta":{"sfsi_plus_gutenberg_text_before_share":"","sfsi_plus_gutenberg_show_text_before_share":"","sfsi_plus_gutenberg_icon_type":"","sfsi_plus_gutenberg_icon_alignemt":"","sfsi_plus_gutenburg_max_per_row":"","footnotes":""},"categories":[123],"tags":[],"class_list":["post-321125","post","type-post","status-publish","format-standard","has-post-thumbnail","hentry","category-brasil"],"_links":{"self":[{"href":"https:\/\/www.caririemacao.com\/1\/wp-json\/wp\/v2\/posts\/321125","targetHints":{"allow":["GET"]}}],"collection":[{"href":"https:\/\/www.caririemacao.com\/1\/wp-json\/wp\/v2\/posts"}],"about":[{"href":"https:\/\/www.caririemacao.com\/1\/wp-json\/wp\/v2\/types\/post"}],"author":[{"embeddable":true,"href":"https:\/\/www.caririemacao.com\/1\/wp-json\/wp\/v2\/users\/6"}],"replies":[{"embeddable":true,"href":"https:\/\/www.caririemacao.com\/1\/wp-json\/wp\/v2\/comments?post=321125"}],"version-history":[{"count":2,"href":"https:\/\/www.caririemacao.com\/1\/wp-json\/wp\/v2\/posts\/321125\/revisions"}],"predecessor-version":[{"id":321128,"href":"https:\/\/www.caririemacao.com\/1\/wp-json\/wp\/v2\/posts\/321125\/revisions\/321128"}],"wp:featuredmedia":[{"embeddable":true,"href":"https:\/\/www.caririemacao.com\/1\/wp-json\/wp\/v2\/media\/321126"}],"wp:attachment":[{"href":"https:\/\/www.caririemacao.com\/1\/wp-json\/wp\/v2\/media?parent=321125"}],"wp:term":[{"taxonomy":"category","embeddable":true,"href":"https:\/\/www.caririemacao.com\/1\/wp-json\/wp\/v2\/categories?post=321125"},{"taxonomy":"post_tag","embeddable":true,"href":"https:\/\/www.caririemacao.com\/1\/wp-json\/wp\/v2\/tags?post=321125"}],"curies":[{"name":"wp","href":"https:\/\/api.w.org\/{rel}","templated":true}]}}