{"id":321138,"date":"2026-09-01T07:09:16","date_gmt":"2026-09-01T10:09:16","guid":{"rendered":"https:\/\/www.caririemacao.com\/1\/?p=321138"},"modified":"2026-09-01T07:09:16","modified_gmt":"2026-09-01T10:09:16","slug":"sus-ofertara-tres-novos-medicamentos-para-o-tratamento-de-cancer-de-pulmao","status":"publish","type":"post","link":"https:\/\/www.caririemacao.com\/1\/2026\/09\/01\/sus-ofertara-tres-novos-medicamentos-para-o-tratamento-de-cancer-de-pulmao\/","title":{"rendered":"SUS ofertar\u00e1 tr\u00eas novos medicamentos para o tratamento de c\u00e2ncer de pulm\u00e3o"},"content":{"rendered":"<div class=\"subtitulo mb-3\"><em><strong>De acordo com o Minist\u00e9rio da Sa\u00fade, ao todo, ser\u00e3o beneficiados quase dois mil pacientes<\/strong><\/em><\/div>\n<div><\/div>\n<div>\n<p class=\"wp-block-paragraph\">Tr\u00eas novos medidcamentos utilizados no tratamento do c\u00e2ncer de pulm\u00e3o ser\u00e3o ofertados pelo Sistema \u00danico de Sa\u00fade (SUS). De acordo com o Minist\u00e9rio da Sa\u00fade ser\u00e3o incorporados: brigatinibe, gefitinibe e durvalumabe.<\/p>\n<p class=\"wp-block-paragraph\">Segundo a pasta. os tratamentos ser\u00e3o financiados integralmente pelo Governo Federal a partir da implementa\u00e7\u00e3o da Assist\u00eancia Farmac\u00eautica Oncol\u00f3gica (AF-Onco). Ao todo, ser\u00e3o beneficiados quase dois mil pacientes.<\/p>\n<p class=\"wp-block-paragraph\">A oferta ser\u00e1 efetivada de acordo com as tratativas de aquisi\u00e7\u00e3o com fornecedores e caracter\u00edsticas operacionais de cada tecnologia, com previs\u00e3o de entrega gradual a partir de outubro.<\/p>\n<h2 class=\"wp-block-heading\">Medicamentos<\/h2>\n<p class=\"wp-block-paragraph\">Entre os medicamentos est\u00e3o duas terapias-alvo orais (brigatinibe e gefitinibe), que atuam diretamente sobre altera\u00e7\u00f5es espec\u00edficas das c\u00e9lulas cancer\u00edgenas. A administra\u00e7\u00e3o pode ser realizada na casa do paciente com menor incid\u00eancia de eventos adversos, proporcionando maior comodidade em compara\u00e7\u00e3o aos demais esquemas convencionais de quimioterapia. Juntos, os medicamentos custam mais de R$ 604,2 mil por ano na rede privada.<\/p>\n<p class=\"wp-block-paragraph\">J\u00e1 o durvalumabe \u00e9 uma imunoterapia que estimula ou potencializa a capacidade do sistema imunol\u00f3gico de combater os tumores cancer\u00edgenos, sendo indicado para pessoas com c\u00e2ncer de pulm\u00e3o em est\u00e1gio III que n\u00e3o podem ser tratadas com cirurgia. O tratamento demonstra ganhos na sobrevida global dos pacientes e, na rede privada, pode custar mais de R$ 643 mil por ano.<\/p>\n<p>CARIRI EM A\u00c7\u00c3O<\/p>\n<p>Com Portal Correio<\/p>\n<\/div>\n","protected":false},"excerpt":{"rendered":"<p>De acordo com o Minist\u00e9rio da Sa\u00fade, ao todo, ser\u00e3o beneficiados quase dois mil pacientes Tr\u00eas novos medidcamentos utilizados no tratamento do c\u00e2ncer de pulm\u00e3o ser\u00e3o ofertados pelo Sistema \u00danico de Sa\u00fade (SUS). De acordo com o Minist\u00e9rio da Sa\u00fade ser\u00e3o incorporados: brigatinibe, gefitinibe e durvalumabe. Segundo a pasta. os tratamentos ser\u00e3o financiados integralmente pelo Governo Federal a partir da implementa\u00e7\u00e3o da Assist\u00eancia Farmac\u00eautica Oncol\u00f3gica (AF-Onco). Ao todo, ser\u00e3o beneficiados quase dois mil pacientes. A oferta ser\u00e1 efetivada de acordo com as tratativas de aquisi\u00e7\u00e3o com fornecedores e caracter\u00edsticas operacionais de cada tecnologia, com previs\u00e3o de entrega gradual a partir de outubro. Medicamentos Entre os medicamentos est\u00e3o duas terapias-alvo orais (brigatinibe e gefitinibe), que atuam diretamente sobre altera\u00e7\u00f5es espec\u00edficas das c\u00e9lulas cancer\u00edgenas. A administra\u00e7\u00e3o pode ser realizada na casa do paciente com menor incid\u00eancia de eventos adversos, proporcionando maior comodidade em compara\u00e7\u00e3o aos demais esquemas convencionais de quimioterapia. Juntos, os medicamentos custam mais de R$ 604,2 mil por ano na rede privada. J\u00e1 o durvalumabe \u00e9 uma imunoterapia que estimula ou potencializa a capacidade do sistema imunol\u00f3gico de combater os tumores cancer\u00edgenos, sendo indicado para pessoas com c\u00e2ncer de pulm\u00e3o em est\u00e1gio III que n\u00e3o podem ser tratadas com cirurgia. O tratamento demonstra ganhos na sobrevida global dos pacientes e, na rede privada, pode custar mais de R$ 643 mil por ano. CARIRI EM A\u00c7\u00c3O Com Portal Correio<\/p>\n","protected":false},"author":6,"featured_media":321139,"comment_status":"closed","ping_status":"closed","sticky":false,"template":"","format":"standard","meta":{"sfsi_plus_gutenberg_text_before_share":"","sfsi_plus_gutenberg_show_text_before_share":"","sfsi_plus_gutenberg_icon_type":"","sfsi_plus_gutenberg_icon_alignemt":"","sfsi_plus_gutenburg_max_per_row":"","footnotes":""},"categories":[50,16],"tags":[],"class_list":["post-321138","post","type-post","status-publish","format-standard","has-post-thumbnail","hentry","category-destaque","category-saude"],"_links":{"self":[{"href":"https:\/\/www.caririemacao.com\/1\/wp-json\/wp\/v2\/posts\/321138","targetHints":{"allow":["GET"]}}],"collection":[{"href":"https:\/\/www.caririemacao.com\/1\/wp-json\/wp\/v2\/posts"}],"about":[{"href":"https:\/\/www.caririemacao.com\/1\/wp-json\/wp\/v2\/types\/post"}],"author":[{"embeddable":true,"href":"https:\/\/www.caririemacao.com\/1\/wp-json\/wp\/v2\/users\/6"}],"replies":[{"embeddable":true,"href":"https:\/\/www.caririemacao.com\/1\/wp-json\/wp\/v2\/comments?post=321138"}],"version-history":[{"count":1,"href":"https:\/\/www.caririemacao.com\/1\/wp-json\/wp\/v2\/posts\/321138\/revisions"}],"predecessor-version":[{"id":321140,"href":"https:\/\/www.caririemacao.com\/1\/wp-json\/wp\/v2\/posts\/321138\/revisions\/321140"}],"wp:featuredmedia":[{"embeddable":true,"href":"https:\/\/www.caririemacao.com\/1\/wp-json\/wp\/v2\/media\/321139"}],"wp:attachment":[{"href":"https:\/\/www.caririemacao.com\/1\/wp-json\/wp\/v2\/media?parent=321138"}],"wp:term":[{"taxonomy":"category","embeddable":true,"href":"https:\/\/www.caririemacao.com\/1\/wp-json\/wp\/v2\/categories?post=321138"},{"taxonomy":"post_tag","embeddable":true,"href":"https:\/\/www.caririemacao.com\/1\/wp-json\/wp\/v2\/tags?post=321138"}],"curies":[{"name":"wp","href":"https:\/\/api.w.org\/{rel}","templated":true}]}}