{"id":321147,"date":"2026-09-01T07:13:23","date_gmt":"2026-09-01T10:13:23","guid":{"rendered":"https:\/\/www.caririemacao.com\/1\/?p=321147"},"modified":"2026-09-01T07:13:23","modified_gmt":"2026-09-01T10:13:23","slug":"prefeitura-confirma-horario-dos-desfiles-civicos-do-municipio-em-zabele","status":"publish","type":"post","link":"https:\/\/www.caririemacao.com\/1\/2026\/09\/01\/prefeitura-confirma-horario-dos-desfiles-civicos-do-municipio-em-zabele\/","title":{"rendered":"Prefeitura confirma hor\u00e1rio dos desfiles c\u00edvicos do munic\u00edpio em Zabel\u00ea"},"content":{"rendered":"<p>A prefeitura municipal de Zabel\u00ea definiu os hor\u00e1rios dos desfiles da rede municipal de educa\u00e7\u00e3o e tamb\u00e9m da secretaria de assist\u00eancia social.<\/p>\n<p>Os teus filhos ter\u00e3o in\u00edcio no domingo \u00e0s 16 horas com a participa\u00e7\u00e3o da Escola Municipal de ensino infantil Jos\u00e9 Henrique Neto.<\/p>\n<p>Na sequ\u00eancia, ainda no domingo \u00e0s 18 horas acontece o desfile da secretaria de Assist\u00eancia Social destacando todos os seus programas.<\/p>\n<p>J\u00e1 no feriado segunda-feira, a rede municipal entra na avenida \u00e0s 16 horas com o desfile da Escola Municipal de ensino infantil e fundamental Maria Bezerra da Silva.<\/p>\n<p>A prefeita Jors\u00e2mara Neves convida toda a popula\u00e7\u00e3o e destaca que ser\u00e1 um bel\u00edssimo espet\u00e1culo gra\u00e7as ao empenho e dedica\u00e7\u00e3o, na prepara\u00e7\u00e3o de cada um dos detalhes por parte da rede municipal, tanto de educa\u00e7\u00e3o quanto na assist\u00eancia social.<\/p>\n<p>CARIRI EM A\u00c7\u00c3O<\/p>\n<p>Com F\u00e1bio Brito<\/p>\n","protected":false},"excerpt":{"rendered":"<p>A prefeitura municipal de Zabel\u00ea definiu os hor\u00e1rios dos desfiles da rede municipal de educa\u00e7\u00e3o e tamb\u00e9m da secretaria de assist\u00eancia social. Os teus filhos ter\u00e3o in\u00edcio no domingo \u00e0s 16 horas com a participa\u00e7\u00e3o da Escola Municipal de ensino infantil Jos\u00e9 Henrique Neto. Na sequ\u00eancia, ainda no domingo \u00e0s 18 horas acontece o desfile da secretaria de Assist\u00eancia Social destacando todos os seus programas. J\u00e1 no feriado segunda-feira, a rede municipal entra na avenida \u00e0s 16 horas com o desfile da Escola Municipal de ensino infantil e fundamental Maria Bezerra da Silva. A prefeita Jors\u00e2mara Neves convida toda a popula\u00e7\u00e3o e destaca que ser\u00e1 um bel\u00edssimo espet\u00e1culo gra\u00e7as ao empenho e dedica\u00e7\u00e3o, na prepara\u00e7\u00e3o de cada um dos detalhes por parte da rede municipal, tanto de educa\u00e7\u00e3o quanto na assist\u00eancia social. CARIRI EM A\u00c7\u00c3O Com F\u00e1bio Brito<\/p>\n","protected":false},"author":6,"featured_media":321148,"comment_status":"closed","ping_status":"closed","sticky":false,"template":"","format":"standard","meta":{"sfsi_plus_gutenberg_text_before_share":"","sfsi_plus_gutenberg_show_text_before_share":"","sfsi_plus_gutenberg_icon_type":"","sfsi_plus_gutenberg_icon_alignemt":"","sfsi_plus_gutenburg_max_per_row":"","footnotes":""},"categories":[6,50],"tags":[],"class_list":["post-321147","post","type-post","status-publish","format-standard","has-post-thumbnail","hentry","category-cidades","category-destaque"],"_links":{"self":[{"href":"https:\/\/www.caririemacao.com\/1\/wp-json\/wp\/v2\/posts\/321147","targetHints":{"allow":["GET"]}}],"collection":[{"href":"https:\/\/www.caririemacao.com\/1\/wp-json\/wp\/v2\/posts"}],"about":[{"href":"https:\/\/www.caririemacao.com\/1\/wp-json\/wp\/v2\/types\/post"}],"author":[{"embeddable":true,"href":"https:\/\/www.caririemacao.com\/1\/wp-json\/wp\/v2\/users\/6"}],"replies":[{"embeddable":true,"href":"https:\/\/www.caririemacao.com\/1\/wp-json\/wp\/v2\/comments?post=321147"}],"version-history":[{"count":1,"href":"https:\/\/www.caririemacao.com\/1\/wp-json\/wp\/v2\/posts\/321147\/revisions"}],"predecessor-version":[{"id":321149,"href":"https:\/\/www.caririemacao.com\/1\/wp-json\/wp\/v2\/posts\/321147\/revisions\/321149"}],"wp:featuredmedia":[{"embeddable":true,"href":"https:\/\/www.caririemacao.com\/1\/wp-json\/wp\/v2\/media\/321148"}],"wp:attachment":[{"href":"https:\/\/www.caririemacao.com\/1\/wp-json\/wp\/v2\/media?parent=321147"}],"wp:term":[{"taxonomy":"category","embeddable":true,"href":"https:\/\/www.caririemacao.com\/1\/wp-json\/wp\/v2\/categories?post=321147"},{"taxonomy":"post_tag","embeddable":true,"href":"https:\/\/www.caririemacao.com\/1\/wp-json\/wp\/v2\/tags?post=321147"}],"curies":[{"name":"wp","href":"https:\/\/api.w.org\/{rel}","templated":true}]}}