{"id":321156,"date":"2026-09-01T08:23:10","date_gmt":"2026-09-01T11:23:10","guid":{"rendered":"https:\/\/www.caririemacao.com\/1\/?p=321156"},"modified":"2026-09-01T08:23:10","modified_gmt":"2026-09-01T11:23:10","slug":"semana-da-patria-2026-inicia-na-capital-paraibana-agenda-e-marcos-principais","status":"publish","type":"post","link":"https:\/\/www.caririemacao.com\/1\/2026\/09\/01\/semana-da-patria-2026-inicia-na-capital-paraibana-agenda-e-marcos-principais\/","title":{"rendered":"Semana da P\u00e1tria 2026 inicia na capital paraibana: agenda e marcos principais"},"content":{"rendered":"<p>A Semana da P\u00e1tria 2026 d\u00e1 in\u00edcio nesta ter\u00e7a-feira, dia 1\u00ba de setembro, em Jo\u00e3o Pessoa, com uma programa\u00e7\u00e3o que se estender\u00e1 at\u00e9 a pr\u00f3xima segunda-feira, dia 7. O evento principal ocorrer\u00e1 na Pra\u00e7a Jo\u00e3o Pessoa, onde a abertura acontecer\u00e1 \u00e0s 7h25 com a Corrida do Fogo Simb\u00f3lico da P\u00e1tria, seguida pelo hasteamento do Pavilh\u00e3o Nacional, contando com a presen\u00e7a da Banda de M\u00fasica do Ex\u00e9rcito Brasileiro.<\/p>\n<p>Ao longo da semana, ser\u00e3o realizadas visitas de estudantes a institui\u00e7\u00f5es militares e de seguran\u00e7a, bem como diversas atividades preparat\u00f3rias destinadas ao desfile c\u00edvico-militar. Na segunda-feira, dia 7 \u2014 feriado nacional de Independ\u00eancia do Brasil \u2014 ter\u00e1 como destaque a solenidade de hasteamento do Pavilh\u00e3o Nacional, culminando com o tradicional desfile c\u00edvico-militar na Avenida Ministro Jos\u00e9 Am\u00e9rico de Almeida.<\/p>\n<p>Para quem deseja conhecer todos os detalhes, a programa\u00e7\u00e3o completa est\u00e1 dispon\u00edvel para consulta.<\/p>\n<p>**Agenda da Semana**<\/p>\n<p>*1\u00ba de setembro*<br \/>\n&#8211; **07h25:** Corrida do Fogo Simb\u00f3lico da P\u00e1tria \u2013 local: Pra\u00e7a Jo\u00e3o Pessoa, Centro de Jo\u00e3o Pessoa<\/p>\n<p>*2 a 4 de setembro*<br \/>\n&#8211; Visitas de estudantes a institui\u00e7\u00f5es militares e de seguran\u00e7a<\/p>\n<p>*7 de setembro*<br \/>\n&#8211; **07h15:** Apresenta\u00e7\u00e3o das tropas e revista<br \/>\n&#8211; **07h45:** Hasteamento dos pavilh\u00f5es<br \/>\n&#8211; **08h:** In\u00edcio do desfile c\u00edvico-militar<br \/>\n&#8211; **12h:** Previs\u00e3o de encerramento do desfile e extin\u00e7\u00e3o do Fogo Simb\u00f3lico<br \/>\n&#8211; **18h:** Arriamento do Pavilh\u00e3o Nacional<\/p>\n<p>Mais informa\u00e7\u00f5es podem ser encontradas atrav\u00e9s do canal oficial de WhatsApp.<\/p>\n<p>===FIM===<\/p>\n<p><em>Fonte: Portal Correio<\/em><\/p>\n","protected":false},"excerpt":{"rendered":"<p>Com o in\u00edcio de setembro, come\u00e7a tamb\u00e9m a programa\u00e7\u00e3o da Semana da P\u00e1tria 2026, nesta ter\u00e7a-feira (1\u00ba), em Jo\u00e3o Pessoa. As atividades seguem at\u00e9 a pr\u00f3xima segunda-feira (7), quando ser\u00e1 realizado o tradicional desfile c\u00edvico-militar em comemora\u00e7\u00e3o \u00e0 Independ\u00eancia do Brasil. A abertura acontece na Pra\u00e7a Jo\u00e3o Pessoa, a partir das 7h25, com a Corrida [\u2026]<\/p>\n","protected":false},"author":0,"featured_media":321157,"comment_status":"closed","ping_status":"closed","sticky":false,"template":"","format":"standard","meta":{"sfsi_plus_gutenberg_text_before_share":"","sfsi_plus_gutenberg_show_text_before_share":"","sfsi_plus_gutenberg_icon_type":"","sfsi_plus_gutenberg_icon_alignemt":"","sfsi_plus_gutenburg_max_per_row":"","footnotes":""},"categories":[1],"tags":[],"class_list":["post-321156","post","type-post","status-publish","format-standard","has-post-thumbnail","hentry","category-o-site"],"_links":{"self":[{"href":"https:\/\/www.caririemacao.com\/1\/wp-json\/wp\/v2\/posts\/321156","targetHints":{"allow":["GET"]}}],"collection":[{"href":"https:\/\/www.caririemacao.com\/1\/wp-json\/wp\/v2\/posts"}],"about":[{"href":"https:\/\/www.caririemacao.com\/1\/wp-json\/wp\/v2\/types\/post"}],"replies":[{"embeddable":true,"href":"https:\/\/www.caririemacao.com\/1\/wp-json\/wp\/v2\/comments?post=321156"}],"version-history":[{"count":1,"href":"https:\/\/www.caririemacao.com\/1\/wp-json\/wp\/v2\/posts\/321156\/revisions"}],"predecessor-version":[{"id":321158,"href":"https:\/\/www.caririemacao.com\/1\/wp-json\/wp\/v2\/posts\/321156\/revisions\/321158"}],"wp:featuredmedia":[{"embeddable":true,"href":"https:\/\/www.caririemacao.com\/1\/wp-json\/wp\/v2\/media\/321157"}],"wp:attachment":[{"href":"https:\/\/www.caririemacao.com\/1\/wp-json\/wp\/v2\/media?parent=321156"}],"wp:term":[{"taxonomy":"category","embeddable":true,"href":"https:\/\/www.caririemacao.com\/1\/wp-json\/wp\/v2\/categories?post=321156"},{"taxonomy":"post_tag","embeddable":true,"href":"https:\/\/www.caririemacao.com\/1\/wp-json\/wp\/v2\/tags?post=321156"}],"curies":[{"name":"wp","href":"https:\/\/api.w.org\/{rel}","templated":true}]}}