{"id":321159,"date":"2026-09-01T08:51:15","date_gmt":"2026-09-01T11:51:15","guid":{"rendered":"https:\/\/www.caririemacao.com\/1\/?p=321159"},"modified":"2026-09-01T08:51:15","modified_gmt":"2026-09-01T11:51:15","slug":"tradicao-e-patriotismo-marcam-programacao-da-semana-civica-2026-em-serra-branca","status":"publish","type":"post","link":"https:\/\/www.caririemacao.com\/1\/2026\/09\/01\/tradicao-e-patriotismo-marcam-programacao-da-semana-civica-2026-em-serra-branca\/","title":{"rendered":"Tradi\u00e7\u00e3o e patriotismo marcam programa\u00e7\u00e3o da Semana C\u00edvica 2026 em Serra Branca"},"content":{"rendered":"<p>A Prefeitura de Serra Branca, por meio da Secretaria Municipal de Educa\u00e7\u00e3o, realizar\u00e1 entre os dias 1\u00ba e 7 de setembro a Semana C\u00edvica 2026, mantendo uma tradi\u00e7\u00e3o que, todos os anos, mobiliza escolas, institui\u00e7\u00f5es, estudantes, profissionais da educa\u00e7\u00e3o, fam\u00edlias e a popula\u00e7\u00e3o serrabranquense em torno das celebra\u00e7\u00f5es alusivas \u00e0 Independ\u00eancia do Brasil.<\/p>\n<p>A abertura oficial acontecer\u00e1 na ter\u00e7a-feira, 1\u00ba de setembro, \u00e0s 7h, com o hasteamento das bandeiras na C\u00e2mara Municipal de Vereadores. Ainda no dia 1\u00ba ter\u00e3o in\u00edcio os tradicionais desfiles c\u00edvicos. As apresenta\u00e7\u00f5es acontecer\u00e3o diariamente, a partir das 16h, na Avenida Deputado \u00c1lvaro Gaud\u00eancio, reunindo escolas das redes municipal, estadual e privada, al\u00e9m de institui\u00e7\u00f5es que desenvolvem trabalhos junto \u00e0 comunidade.<\/p>\n<p>Na ter\u00e7a-feira (1\u00ba), participar\u00e3o a Escola Estadual Senador Jos\u00e9 Gaud\u00eancio, o Instituto Educacional Alegria de Saber e a Escola Municipal Manoel Duarte de Sucuru, que desfilar\u00e1 no distrito.<\/p>\n<p>Na quarta-feira (2), ser\u00e1 a vez da Creche Municipal Jo\u00e3o Batista Albino, Escola Municipal Joaquim Dias Borba e Instituto Educacional Semente do Amanh\u00e3. J\u00e1 na quinta-feira (3), desfilar\u00e3o a Escola Municipal Ana de Queiroz Torre\u00e3o, Escola Estadual Vasconcelos Brand\u00e3o, Escola Municipal Nelly Maciel e Escola Municipal Jos\u00e9 Rom\u00e3o, as \u00faltimas desfilar\u00e3o no distrito das Serras.<\/p>\n<p>A programa\u00e7\u00e3o seguir\u00e1 na sexta-feira (4) com a participa\u00e7\u00e3o da Escola Municipal Amara Paulino e da Escola Municipal Amara Cavalcante Wanderley, que desfilar\u00e1 no distrito de Santa Luzia do Cariri. No s\u00e1bado (5), a Secretaria Municipal de Assist\u00eancia Social integrar\u00e1 a Semana C\u00edvica com sua participa\u00e7\u00e3o no desfile. No domingo (6), ser\u00e1 a vez do Centro Educacional Arte do ABC.<\/p>\n<p>Encerrando a programa\u00e7\u00e3o, na segunda-feira, 7 de setembro, data em que se celebra a Independ\u00eancia do Brasil, participar\u00e3o a Escola Municipal C\u00f4nego Jo\u00e3o Marques Pereira, o Instituto Educacional Castelo Encantado e a APAE, concluindo os sete dias de atividades c\u00edvicas no munic\u00edpio.<\/p>\n<p>Para o secret\u00e1rio municipal de Educa\u00e7\u00e3o, Eduardo Phelippe, a Semana C\u00edvica representa um momento de integra\u00e7\u00e3o entre as institui\u00e7\u00f5es e a comunidade, al\u00e9m de preservar uma tradi\u00e7\u00e3o que faz parte do calend\u00e1rio e da hist\u00f3ria de Serra Branca.<\/p>\n<p>\u201cA Semana C\u00edvica \u00e9 uma tradi\u00e7\u00e3o muito especial para Serra Branca e um momento em que nossas escolas e institui\u00e7\u00f5es levam para as ruas todo um trabalho constru\u00eddo com dedica\u00e7\u00e3o ao longo das semanas. \u00c9 tamb\u00e9m uma oportunidade de renovarmos valores como cidadania, respeito, pertencimento e amor ao nosso pa\u00eds. Por isso, queremos convidar toda a popula\u00e7\u00e3o para prestigiar os nossos estudantes e as institui\u00e7\u00f5es durante cada dia da programa\u00e7\u00e3o. Esperamos novamente ver as fam\u00edlias ocupando a Avenida Deputado \u00c1lvaro Gaud\u00eancio e fazendo parte dessa celebra\u00e7\u00e3o que, todos os anos, movimenta o nosso munic\u00edpio no in\u00edcio de setembro\u201d, destacou.<\/p>\n<p>SECOM\/PMSB<\/p>\n","protected":false},"excerpt":{"rendered":"<p>A Prefeitura de Serra Branca, por meio da Secretaria Municipal de Educa\u00e7\u00e3o, realizar\u00e1 entre os dias 1\u00ba e 7 de setembro a Semana C\u00edvica 2026, mantendo uma tradi\u00e7\u00e3o que, todos os anos, mobiliza escolas, institui\u00e7\u00f5es, estudantes, profissionais da educa\u00e7\u00e3o, fam\u00edlias e a popula\u00e7\u00e3o serrabranquense em torno das celebra\u00e7\u00f5es alusivas \u00e0 Independ\u00eancia do Brasil. A abertura oficial acontecer\u00e1 na ter\u00e7a-feira, 1\u00ba de setembro, \u00e0s 7h, com o hasteamento das bandeiras na C\u00e2mara Municipal de Vereadores. Ainda no dia 1\u00ba ter\u00e3o in\u00edcio os tradicionais desfiles c\u00edvicos. As apresenta\u00e7\u00f5es acontecer\u00e3o diariamente, a partir das 16h, na Avenida Deputado \u00c1lvaro Gaud\u00eancio, reunindo escolas das redes municipal, estadual e privada, al\u00e9m de institui\u00e7\u00f5es que desenvolvem trabalhos junto \u00e0 comunidade. Na ter\u00e7a-feira (1\u00ba), participar\u00e3o a Escola Estadual Senador Jos\u00e9 Gaud\u00eancio, o Instituto Educacional Alegria de Saber e a Escola Municipal Manoel Duarte de Sucuru, que desfilar\u00e1 no distrito. Na quarta-feira (2), ser\u00e1 a vez da Creche Municipal Jo\u00e3o Batista Albino, Escola Municipal Joaquim Dias Borba e Instituto Educacional Semente do Amanh\u00e3. J\u00e1 na quinta-feira (3), desfilar\u00e3o a Escola Municipal Ana de Queiroz Torre\u00e3o, Escola Estadual Vasconcelos Brand\u00e3o, Escola Municipal Nelly Maciel e Escola Municipal Jos\u00e9 Rom\u00e3o, as \u00faltimas desfilar\u00e3o no distrito das Serras. A programa\u00e7\u00e3o seguir\u00e1 na sexta-feira (4) com a participa\u00e7\u00e3o da Escola Municipal Amara Paulino e da Escola Municipal Amara Cavalcante Wanderley, que desfilar\u00e1 no distrito de Santa Luzia do Cariri. No s\u00e1bado (5), a Secretaria Municipal de Assist\u00eancia Social integrar\u00e1 a Semana C\u00edvica com sua participa\u00e7\u00e3o no desfile. No domingo (6), ser\u00e1 a vez do Centro Educacional Arte do ABC. Encerrando a programa\u00e7\u00e3o, na segunda-feira, 7 de setembro, data em que se celebra a Independ\u00eancia do Brasil, participar\u00e3o a Escola Municipal C\u00f4nego Jo\u00e3o Marques Pereira, o Instituto Educacional Castelo Encantado e a APAE, concluindo os sete dias de atividades c\u00edvicas no munic\u00edpio. Para o secret\u00e1rio municipal de Educa\u00e7\u00e3o, Eduardo Phelippe, a Semana C\u00edvica representa um momento de integra\u00e7\u00e3o entre as institui\u00e7\u00f5es e a comunidade, al\u00e9m de preservar uma tradi\u00e7\u00e3o que faz parte do calend\u00e1rio e da hist\u00f3ria de Serra Branca. \u201cA Semana C\u00edvica \u00e9 uma tradi\u00e7\u00e3o muito especial para Serra Branca e um momento em que nossas escolas e institui\u00e7\u00f5es levam para as ruas todo um trabalho constru\u00eddo com dedica\u00e7\u00e3o ao longo das semanas. \u00c9 tamb\u00e9m uma oportunidade de renovarmos valores como cidadania, respeito, pertencimento e amor ao nosso pa\u00eds. Por isso, queremos convidar toda a popula\u00e7\u00e3o para prestigiar os nossos estudantes e as institui\u00e7\u00f5es durante cada dia da programa\u00e7\u00e3o. Esperamos novamente ver as fam\u00edlias ocupando a Avenida Deputado \u00c1lvaro Gaud\u00eancio e fazendo parte dessa celebra\u00e7\u00e3o que, todos os anos, movimenta o nosso munic\u00edpio no in\u00edcio de setembro\u201d, destacou. SECOM\/PMSB<\/p>\n","protected":false},"author":6,"featured_media":321160,"comment_status":"closed","ping_status":"closed","sticky":false,"template":"","format":"standard","meta":{"sfsi_plus_gutenberg_text_before_share":"","sfsi_plus_gutenberg_show_text_before_share":"","sfsi_plus_gutenberg_icon_type":"","sfsi_plus_gutenberg_icon_alignemt":"","sfsi_plus_gutenburg_max_per_row":"","footnotes":""},"categories":[6,50],"tags":[],"class_list":["post-321159","post","type-post","status-publish","format-standard","has-post-thumbnail","hentry","category-cidades","category-destaque"],"_links":{"self":[{"href":"https:\/\/www.caririemacao.com\/1\/wp-json\/wp\/v2\/posts\/321159","targetHints":{"allow":["GET"]}}],"collection":[{"href":"https:\/\/www.caririemacao.com\/1\/wp-json\/wp\/v2\/posts"}],"about":[{"href":"https:\/\/www.caririemacao.com\/1\/wp-json\/wp\/v2\/types\/post"}],"author":[{"embeddable":true,"href":"https:\/\/www.caririemacao.com\/1\/wp-json\/wp\/v2\/users\/6"}],"replies":[{"embeddable":true,"href":"https:\/\/www.caririemacao.com\/1\/wp-json\/wp\/v2\/comments?post=321159"}],"version-history":[{"count":1,"href":"https:\/\/www.caririemacao.com\/1\/wp-json\/wp\/v2\/posts\/321159\/revisions"}],"predecessor-version":[{"id":321161,"href":"https:\/\/www.caririemacao.com\/1\/wp-json\/wp\/v2\/posts\/321159\/revisions\/321161"}],"wp:featuredmedia":[{"embeddable":true,"href":"https:\/\/www.caririemacao.com\/1\/wp-json\/wp\/v2\/media\/321160"}],"wp:attachment":[{"href":"https:\/\/www.caririemacao.com\/1\/wp-json\/wp\/v2\/media?parent=321159"}],"wp:term":[{"taxonomy":"category","embeddable":true,"href":"https:\/\/www.caririemacao.com\/1\/wp-json\/wp\/v2\/categories?post=321159"},{"taxonomy":"post_tag","embeddable":true,"href":"https:\/\/www.caririemacao.com\/1\/wp-json\/wp\/v2\/tags?post=321159"}],"curies":[{"name":"wp","href":"https:\/\/api.w.org\/{rel}","templated":true}]}}