{"id":321162,"date":"2026-09-01T08:56:22","date_gmt":"2026-09-01T11:56:22","guid":{"rendered":"https:\/\/www.caririemacao.com\/1\/?p=321162"},"modified":"2026-09-01T08:56:22","modified_gmt":"2026-09-01T11:56:22","slug":"prefeito-de-boqueirao-e-primeira-dama-sao-vitimas-de-assalto-em-residencia-nesta-terca-feira","status":"publish","type":"post","link":"https:\/\/www.caririemacao.com\/1\/2026\/09\/01\/prefeito-de-boqueirao-e-primeira-dama-sao-vitimas-de-assalto-em-residencia-nesta-terca-feira\/","title":{"rendered":"Prefeito de Boqueir\u00e3o e primeira-dama s\u00e3o v\u00edtimas de assalto em resid\u00eancia nesta ter\u00e7a-feira"},"content":{"rendered":"<p>O prefeito de Boqueir\u00e3o, Marcos Freitas, e a primeira-dama, Joema Freitas, foram v\u00edtimas de um assalto na manh\u00e3 desta ter\u00e7a-feira, 1\u00ba de setembro. Segundo informa\u00e7\u00f5es preliminares, a resid\u00eancia do gestor municipal foi invadida durante a a\u00e7\u00e3o criminosa.<\/p>\n<p>Conforme relatos ainda n\u00e3o confirmados oficialmente, repassados por familiares e amigos, a primeira-dama teria sa\u00eddo de casa nas primeiras horas da manh\u00e3 com destino \u00e0 academia. Nesse momento, os suspeitos teriam aproveitado a ocasi\u00e3o para abord\u00e1-la e, segundo esses relatos, ela teria sido obrigada a retornar \u00e0 resid\u00eancia, onde os criminosos teriam entrado.<\/p>\n<p>Ainda de acordo com as informa\u00e7\u00f5es preliminares, aparelhos telef\u00f4nicos teriam sido levados durante a a\u00e7\u00e3o.<br \/>\nO prefeito Marcos Freitas e a primeira-dama Joema Freitas est\u00e3o bem e n\u00e3o sofreram ferimentos. A informa\u00e7\u00e3o \u00e9 repassada para tranquilizar familiares, amigos e a popula\u00e7\u00e3o de Boqueir\u00e3o que tomou conhecimento da ocorr\u00eancia.<\/p>\n<p>At\u00e9 o momento, os preju\u00edzos registrados seriam apenas materiais, relacionados aos objetos levados e aos eventuais danos causados durante a a\u00e7\u00e3o.<\/p>\n<p>A din\u00e2mica do ocorrido e os demais detalhes do caso ainda dever\u00e3o ser esclarecidos pelas autoridades respons\u00e1veis pela investiga\u00e7\u00e3o.<\/p>\n<p>O Parlamento em Destaque acompanha a ocorr\u00eancia e poder\u00e1 atualizar esta mat\u00e9ria \u00e0 medida que novas informa\u00e7\u00f5es forem oficialmente confirmadas.<\/p>\n<p>CARIRI EM A\u00c7\u00c3O<\/p>\n<p>Com Parlamento em Destaque<\/p>\n","protected":false},"excerpt":{"rendered":"<p>O prefeito de Boqueir\u00e3o, Marcos Freitas, e a primeira-dama, Joema Freitas, foram v\u00edtimas de um assalto na manh\u00e3 desta ter\u00e7a-feira, 1\u00ba de setembro. Segundo informa\u00e7\u00f5es preliminares, a resid\u00eancia do gestor municipal foi invadida durante a a\u00e7\u00e3o criminosa. Conforme relatos ainda n\u00e3o confirmados oficialmente, repassados por familiares e amigos, a primeira-dama teria sa\u00eddo de casa nas primeiras horas da manh\u00e3 com destino \u00e0 academia. Nesse momento, os suspeitos teriam aproveitado a ocasi\u00e3o para abord\u00e1-la e, segundo esses relatos, ela teria sido obrigada a retornar \u00e0 resid\u00eancia, onde os criminosos teriam entrado. Ainda de acordo com as informa\u00e7\u00f5es preliminares, aparelhos telef\u00f4nicos teriam sido levados durante a a\u00e7\u00e3o. O prefeito Marcos Freitas e a primeira-dama Joema Freitas est\u00e3o bem e n\u00e3o sofreram ferimentos. A informa\u00e7\u00e3o \u00e9 repassada para tranquilizar familiares, amigos e a popula\u00e7\u00e3o de Boqueir\u00e3o que tomou conhecimento da ocorr\u00eancia. At\u00e9 o momento, os preju\u00edzos registrados seriam apenas materiais, relacionados aos objetos levados e aos eventuais danos causados durante a a\u00e7\u00e3o. A din\u00e2mica do ocorrido e os demais detalhes do caso ainda dever\u00e3o ser esclarecidos pelas autoridades respons\u00e1veis pela investiga\u00e7\u00e3o. O Parlamento em Destaque acompanha a ocorr\u00eancia e poder\u00e1 atualizar esta mat\u00e9ria \u00e0 medida que novas informa\u00e7\u00f5es forem oficialmente confirmadas. CARIRI EM A\u00c7\u00c3O Com Parlamento em Destaque<\/p>\n","protected":false},"author":6,"featured_media":321163,"comment_status":"closed","ping_status":"closed","sticky":false,"template":"","format":"standard","meta":{"sfsi_plus_gutenberg_text_before_share":"","sfsi_plus_gutenberg_show_text_before_share":"","sfsi_plus_gutenberg_icon_type":"","sfsi_plus_gutenberg_icon_alignemt":"","sfsi_plus_gutenburg_max_per_row":"","footnotes":""},"categories":[50,12],"tags":[],"class_list":["post-321162","post","type-post","status-publish","format-standard","has-post-thumbnail","hentry","category-destaque","category-policia"],"_links":{"self":[{"href":"https:\/\/www.caririemacao.com\/1\/wp-json\/wp\/v2\/posts\/321162","targetHints":{"allow":["GET"]}}],"collection":[{"href":"https:\/\/www.caririemacao.com\/1\/wp-json\/wp\/v2\/posts"}],"about":[{"href":"https:\/\/www.caririemacao.com\/1\/wp-json\/wp\/v2\/types\/post"}],"author":[{"embeddable":true,"href":"https:\/\/www.caririemacao.com\/1\/wp-json\/wp\/v2\/users\/6"}],"replies":[{"embeddable":true,"href":"https:\/\/www.caririemacao.com\/1\/wp-json\/wp\/v2\/comments?post=321162"}],"version-history":[{"count":1,"href":"https:\/\/www.caririemacao.com\/1\/wp-json\/wp\/v2\/posts\/321162\/revisions"}],"predecessor-version":[{"id":321164,"href":"https:\/\/www.caririemacao.com\/1\/wp-json\/wp\/v2\/posts\/321162\/revisions\/321164"}],"wp:featuredmedia":[{"embeddable":true,"href":"https:\/\/www.caririemacao.com\/1\/wp-json\/wp\/v2\/media\/321163"}],"wp:attachment":[{"href":"https:\/\/www.caririemacao.com\/1\/wp-json\/wp\/v2\/media?parent=321162"}],"wp:term":[{"taxonomy":"category","embeddable":true,"href":"https:\/\/www.caririemacao.com\/1\/wp-json\/wp\/v2\/categories?post=321162"},{"taxonomy":"post_tag","embeddable":true,"href":"https:\/\/www.caririemacao.com\/1\/wp-json\/wp\/v2\/tags?post=321162"}],"curies":[{"name":"wp","href":"https:\/\/api.w.org\/{rel}","templated":true}]}}